{"id":54892,"date":"2025-07-01T19:07:05","date_gmt":"2025-07-01T22:07:05","guid":{"rendered":"https:\/\/euvivoaselecao.com.br\/index.php\/2025\/07\/01\/carioca-em-dia-programa-de-descontos-no-pagamento-de-debitos-municipais-tem-prazo-prorrogado-para-30-de-julho-prefeitura-da-cidade-do-rio-de-janeiro\/"},"modified":"2025-07-01T19:07:05","modified_gmt":"2025-07-01T22:07:05","slug":"carioca-em-dia-programa-de-descontos-no-pagamento-de-debitos-municipais-tem-prazo-prorrogado-para-30-de-julho-prefeitura-da-cidade-do-rio-de-janeiro","status":"publish","type":"post","link":"https:\/\/euvivoaselecao.com.br\/index.php\/2025\/07\/01\/carioca-em-dia-programa-de-descontos-no-pagamento-de-debitos-municipais-tem-prazo-prorrogado-para-30-de-julho-prefeitura-da-cidade-do-rio-de-janeiro\/","title":{"rendered":"Carioca em Dia: programa de descontos no pagamento de d\u00e9bitos municipais tem prazo prorrogado para 30 de julho &#8211; Prefeitura da Cidade do Rio de Janeiro"},"content":{"rendered":"<p><\/p>\n<div id=\"main\">\n<div class=\"wrapper-breadcrumbs\" wp_automatic_readability=\"31.202738515901\">\n<div class=\"image-post\">\n                                       <\/div>\n<p>Devido ao sucesso do programa, o prazo para ades\u00e3o ao Carioca em Dia foi prorrogado at\u00e9 o dia 30 de julho. O programa de descontos da Prefeitura do Rio oferece abatimentos no pagamento de d\u00e9bitos de IPTU, ISS, ITBI, multas e taxas. Os contribuintes que ainda n\u00e3o aderiram ao benef\u00edcio ter\u00e3o o m\u00eas de julho para realizar o procedimento e garantir descontos que podem chegar a 100% nas multas e juros de d\u00e9bitos municipais. Os percentuais oferecidos variam de acordo com a modalidade de pagamento escolhida pelo contribuinte.<\/p>\n<p>Podem ser quitados por meio do Carioca em Dia d\u00e9bitos de ISS, inscritos ou n\u00e3o em d\u00edvida ativa, com fato gerador ocorrido at\u00e9 31 de dezembro de 2024. J\u00e1 as d\u00edvidas de IPTU, ITBI, taxas e multas diversas, como as de posturas urban\u00edsticas e ambientais, por exemplo, tamb\u00e9m podem se beneficiar do programa, desde que os d\u00e9bitos j\u00e1 estejam inscritos em d\u00edvida ativa e os valores a serem regularizados pelos contribuintes n\u00e3o ultrapassem R$ 10 mil, cada.<\/p>\n<p>As guias para pagamento \u00e0 vista ou parcelado est\u00e3o dispon\u00edveis no site do programa\u00a0e nos postos de atendimento da D\u00edvida Ativa da Procuradoria Geral do Munic\u00edpio do Rio ou de ISS, da Secretaria Municipal de Fazenda.<\/p>\n<p>Quem for renegociar d\u00e9bitos deve ficar atento n\u00e3o s\u00f3 ao prazo para ades\u00e3o, mas ao pagamento das parcelas em dia. No caso de pagamentos \u00e0 vista, a ades\u00e3o s\u00f3 ocorrer\u00e1 ap\u00f3s a emiss\u00e3o e pagamento \u2013 na data de vencimento \u2013 da guia. Caso o contribuinte escolha o parcelamento, a ades\u00e3o ocorrer\u00e1 ap\u00f3s o pagamento da primeira presta\u00e7\u00e3o.<\/p>\n<p>             <!-- Compartilhe ---><\/p>\n<p>\t\t\t <!-- TAGS --><\/p>\n<section class=\"category-tags\">\n<div class=\"marcacao-category\">\n<article class=\"category-post\">\n<p>Categoria: <\/p>\n<\/article>\n<li>1 de julho de 2025<\/li><\/div>\n<article class=\"tags\">\n\t\t\t\t\tMarca\u00e7\u00f5es: descontos D\u00edvida Ativa pagamento de d\u00e9bitos Prazo prorrogado Prefeitura do Rio Programa Carioca em Dia<br \/><\/article>\n<\/section>\n<p>            <!-- Mais Not&iacute;cias --><\/p>\n<p>\t\t<!-- Conte&uacute;do SIDEBAR --><\/p><\/div>\n<\/p><\/div>\n","protected":false},"excerpt":{"rendered":"<p>Devido ao sucesso do programa, o prazo para ades\u00e3o ao Carioca em Dia foi prorrogado at\u00e9 o dia 30 de<\/p>\n","protected":false},"author":1,"featured_media":0,"comment_status":"","ping_status":"","sticky":false,"template":"","format":"standard","meta":{"colormag_page_container_layout":"default_layout","colormag_page_sidebar_layout":"default_layout","footnotes":""},"categories":[1],"tags":[],"class_list":["post-54892","post","type-post","status-publish","format-standard","hentry","category-sem-categoria"],"_links":{"self":[{"href":"https:\/\/euvivoaselecao.com.br\/index.php\/wp-json\/wp\/v2\/posts\/54892","targetHints":{"allow":["GET"]}}],"collection":[{"href":"https:\/\/euvivoaselecao.com.br\/index.php\/wp-json\/wp\/v2\/posts"}],"about":[{"href":"https:\/\/euvivoaselecao.com.br\/index.php\/wp-json\/wp\/v2\/types\/post"}],"author":[{"embeddable":true,"href":"https:\/\/euvivoaselecao.com.br\/index.php\/wp-json\/wp\/v2\/users\/1"}],"replies":[{"embeddable":true,"href":"https:\/\/euvivoaselecao.com.br\/index.php\/wp-json\/wp\/v2\/comments?post=54892"}],"version-history":[{"count":0,"href":"https:\/\/euvivoaselecao.com.br\/index.php\/wp-json\/wp\/v2\/posts\/54892\/revisions"}],"wp:attachment":[{"href":"https:\/\/euvivoaselecao.com.br\/index.php\/wp-json\/wp\/v2\/media?parent=54892"}],"wp:term":[{"taxonomy":"category","embeddable":true,"href":"https:\/\/euvivoaselecao.com.br\/index.php\/wp-json\/wp\/v2\/categories?post=54892"},{"taxonomy":"post_tag","embeddable":true,"href":"https:\/\/euvivoaselecao.com.br\/index.php\/wp-json\/wp\/v2\/tags?post=54892"}],"curies":[{"name":"wp","href":"https:\/\/api.w.org\/{rel}","templated":true}]}}