{"id":54893,"date":"2025-07-01T19:36:21","date_gmt":"2025-07-01T22:36:21","guid":{"rendered":"https:\/\/euvivoaselecao.com.br\/index.php\/2025\/07\/01\/prefeitura-recebe-do-governo-do-estado-uma-caminhonete-ranger-para-reforco-na-area-da-saude-prefeitura-municipal-de-bonito\/"},"modified":"2025-07-01T19:36:21","modified_gmt":"2025-07-01T22:36:21","slug":"prefeitura-recebe-do-governo-do-estado-uma-caminhonete-ranger-para-reforco-na-area-da-saude-prefeitura-municipal-de-bonito","status":"publish","type":"post","link":"https:\/\/euvivoaselecao.com.br\/index.php\/2025\/07\/01\/prefeitura-recebe-do-governo-do-estado-uma-caminhonete-ranger-para-reforco-na-area-da-saude-prefeitura-municipal-de-bonito\/","title":{"rendered":"Prefeitura recebe do Governo do Estado uma caminhonete Ranger para refor\u00e7o na \u00e1rea da sa\u00fade &#8211; Prefeitura Municipal de Bonito"},"content":{"rendered":"<p><\/p>\n<div>\n<div class=\"td-post-featured-image\"><\/div>\n<p>Nesta ter\u00e7a-feira (01), a Prefeitura de Bonito, representada pelo prefeito Josmail Rodrigues, pela vice-prefeita Juliane Salvadori e pela secret\u00e1ria municipal de Sa\u00fade, Ana Carolina Colla, esteve em Campo Grande para receber oficialmente a doa\u00e7\u00e3o de uma caminhonete Ranger. O ve\u00edculo foi entregue pelo Governo do Estado de Mato Grosso do Sul, por meio da Secretaria de Estado de Sa\u00fade (SES), e ser\u00e1 utilizado para fortalecer as a\u00e7\u00f5es de sa\u00fade no munic\u00edpio.<\/p>\n<p>A nova caminhonete vai refor\u00e7ar a estrutura da Secretaria Municipal de Sa\u00fade, proporcionando mais agilidade e seguran\u00e7a nos servi\u00e7os prestados \u00e0 popula\u00e7\u00e3o. O investimento \u00e9 fruto da parceria entre a gest\u00e3o municipal e o Governo do Estado, representado pelo governador Eduardo Riedel e pelo secret\u00e1rio de Estado de Sa\u00fade, Dr. Mauricio Sim\u00f5es.<\/p>\n<p>O prefeito Josmail Rodrigues agradeceu o apoio do Governo do Estado e destacou a utilidade do ve\u00edculo para o munic\u00edpio: \u201cGostaria de agradecer ao governador Eduardo Riedel e ao secret\u00e1rio Mauricio Sim\u00f5es pela parceria e pelo compromisso com a sa\u00fade de Bonito. Esse ve\u00edculo ser\u00e1 fundamental para melhorar a log\u00edstica e garantir que o atendimento chegue com mais rapidez e efici\u00eancia a todos os cantos do nosso munic\u00edpio.\u201d<\/p>\n<p>A caminhonete ser\u00e1 incorporada \u00e0 frota da Secretaria de Sa\u00fade e utilizada conforme as demandas operacionais, contribuindo para a melhoria dos servi\u00e7os prestados no munic\u00edpio.<\/p>\n<figure class=\"wp-block-image size-large\"><\/figure>\n<\/p><\/div>\n","protected":false},"excerpt":{"rendered":"<p>Nesta ter\u00e7a-feira (01), a Prefeitura de Bonito, representada pelo prefeito Josmail Rodrigues, pela vice-prefeita Juliane Salvadori e pela secret\u00e1ria municipal<\/p>\n","protected":false},"author":1,"featured_media":0,"comment_status":"","ping_status":"","sticky":false,"template":"","format":"standard","meta":{"colormag_page_container_layout":"default_layout","colormag_page_sidebar_layout":"default_layout","footnotes":""},"categories":[1],"tags":[],"class_list":["post-54893","post","type-post","status-publish","format-standard","hentry","category-sem-categoria"],"_links":{"self":[{"href":"https:\/\/euvivoaselecao.com.br\/index.php\/wp-json\/wp\/v2\/posts\/54893","targetHints":{"allow":["GET"]}}],"collection":[{"href":"https:\/\/euvivoaselecao.com.br\/index.php\/wp-json\/wp\/v2\/posts"}],"about":[{"href":"https:\/\/euvivoaselecao.com.br\/index.php\/wp-json\/wp\/v2\/types\/post"}],"author":[{"embeddable":true,"href":"https:\/\/euvivoaselecao.com.br\/index.php\/wp-json\/wp\/v2\/users\/1"}],"replies":[{"embeddable":true,"href":"https:\/\/euvivoaselecao.com.br\/index.php\/wp-json\/wp\/v2\/comments?post=54893"}],"version-history":[{"count":0,"href":"https:\/\/euvivoaselecao.com.br\/index.php\/wp-json\/wp\/v2\/posts\/54893\/revisions"}],"wp:attachment":[{"href":"https:\/\/euvivoaselecao.com.br\/index.php\/wp-json\/wp\/v2\/media?parent=54893"}],"wp:term":[{"taxonomy":"category","embeddable":true,"href":"https:\/\/euvivoaselecao.com.br\/index.php\/wp-json\/wp\/v2\/categories?post=54893"},{"taxonomy":"post_tag","embeddable":true,"href":"https:\/\/euvivoaselecao.com.br\/index.php\/wp-json\/wp\/v2\/tags?post=54893"}],"curies":[{"name":"wp","href":"https:\/\/api.w.org\/{rel}","templated":true}]}}