{"id":54920,"date":"2025-07-02T00:42:53","date_gmt":"2025-07-02T03:42:53","guid":{"rendered":"https:\/\/euvivoaselecao.com.br\/index.php\/2025\/07\/02\/cmn-proibe-uso-de-credito-de-custeio-para-acoes-de-desmatamento\/"},"modified":"2025-07-02T00:42:53","modified_gmt":"2025-07-02T03:42:53","slug":"cmn-proibe-uso-de-credito-de-custeio-para-acoes-de-desmatamento","status":"publish","type":"post","link":"https:\/\/euvivoaselecao.com.br\/index.php\/2025\/07\/02\/cmn-proibe-uso-de-credito-de-custeio-para-acoes-de-desmatamento\/","title":{"rendered":"CMN pro\u00edbe uso de cr\u00e9dito de custeio para a\u00e7\u00f5es de desmatamento"},"content":{"rendered":"<p><\/p>\n<div wp_automatic_readability=\"68.798655343241\">\n<p>As opera\u00e7\u00f5es de desmatamento n\u00e3o poder\u00e3o receber or\u00e7amento do cr\u00e9dito de custeio agr\u00edcola para serem classificadas como pequenas despesas de investimento. <strong>Em reuni\u00e3o extraordin\u00e1ria, o Conselho Monet\u00e1rio Nacional (CMN) excluiu uma brecha que permitia a desmatadores receberem cr\u00e9dito rural.<\/strong><\/p>\n<p>A medida regulamenta o Plano Safra 2025\/2026. Lan\u00e7ado nesta ter\u00e7a-feira (1\u00ba), o plano destina R$ 516,2 bilh\u00f5es em cr\u00e9dito para o agroneg\u00f3cio.<\/p>\n<p><strong>Em nota, o Minist\u00e9rio da Fazenda informou que excluiu o desmatamento da regra que permitia a aplica\u00e7\u00e3o de at\u00e9 15% do valor do or\u00e7amento do cr\u00e9dito de custeio para pequenas despesas conceituadas como investimento, \u201ccomo forma de n\u00e3o incentivar essa pr\u00e1tica via cr\u00e9dito rural\u201d.<\/strong><\/p>\n<p><strong>Chega ao Congresso caderno de propostas para educa\u00e7\u00e3o antirracista<\/strong><\/p>\n<p><strong>D\u00f3lar sobe para R$ 5,46 com IOF e realiza\u00e7\u00e3o de lucros<\/strong><\/p>\n<p>O CMN tomou outras decis\u00f5es com crit\u00e9rios ambientais para a concess\u00e3o de cr\u00e9dito no Plano Safra. O conselho incluiu no Programa de Financiamento \u00e0 Agricultura de Baixa Emiss\u00e3o de Carbono (RenovAgro), o financiamento de a\u00e7\u00f5es de preven\u00e7\u00e3o e combate a inc\u00eandios no im\u00f3vel rural, bem como o plantio de mudas de esp\u00e9cies nativas para recomposi\u00e7\u00e3o de \u00e1reas de preserva\u00e7\u00e3o permanente e de reserva legal.<\/p>\n<p>O CMN vedou a destoca (remo\u00e7\u00e3o de tocos e ra\u00edzes de \u00e1rvores que foram cortadas, deixando o terreno limpo e pronto para novos usos), exceto nos casos de renova\u00e7\u00e3o ou convers\u00e3o de florestas plantadas. Em rela\u00e7\u00e3o ao RenovAgro, o Conselho tamb\u00e9m autorizou o financiamento de biodigestores e de sistemas de manejo de res\u00edduos da produ\u00e7\u00e3o animal, inclusive com gera\u00e7\u00e3o e armazenamento de energia.<\/p>\n<h2>Pronaf<\/h2>\n<p><strong>Em rela\u00e7\u00e3o ao Programa Nacional de Fortalecimento da Agricultura Familiar (Pronaf), que financia pequenos produtores, o CMN incluiu uma linha de Adapta\u00e7\u00e3o \u00e0s Mudan\u00e7as Clim\u00e1ticas, com foco em irriga\u00e7\u00e3o e energia solar.<\/strong><\/p>\n<p>O CMN tamb\u00e9m autorizou que produtos como gengibre, mandioquinha-salsa, camapu (<em>physalis<\/em>), ervas medicinais e plantas ornamentais possam receber financiamentos do Pronaf na categoria hort\u00edcolas. No Pronaf Floresta, foi autorizada a aquisi\u00e7\u00e3o de matrizes e reprodutores em projetos de Integra\u00e7\u00e3o Lavoura-Pecu\u00e1ria-Floresta (ILPF).<\/p>\n<p><strong>Rio lan\u00e7a aplicativo para auxiliar no combate ao roubo de celulares<\/strong><\/p>\n<p><strong>Lula prop\u00f5e tornar 2 de julho Dia da Consolida\u00e7\u00e3o da Independ\u00eancia<\/strong><\/p>\n<p>No Pronaf Bioeconomia, o CMN incluiu projetos de financiamento de coleta para sementes nativas, viveiros de mudas e infraestrutura de irriga\u00e7\u00e3o com energia fotovoltaica.<\/p>\n<p>O CMN \u00e9 um \u00f3rg\u00e3o colegiado presidido pelo ministro da Fazenda, Fernando Haddad, \u00e9 composto pelo presidente do Banco Central do Brasil, Gabriel Gal\u00edpolo, e pela ministra do Planejamento e Or\u00e7amento, Simone Tebet.<\/p>\n<\/div>\n","protected":false},"excerpt":{"rendered":"<p>As opera\u00e7\u00f5es de desmatamento n\u00e3o poder\u00e3o receber or\u00e7amento do cr\u00e9dito de custeio agr\u00edcola para serem classificadas como pequenas despesas de<\/p>\n","protected":false},"author":2,"featured_media":0,"comment_status":"","ping_status":"","sticky":false,"template":"","format":"standard","meta":{"colormag_page_container_layout":"default_layout","colormag_page_sidebar_layout":"default_layout","footnotes":""},"categories":[],"tags":[],"class_list":["post-54920","post","type-post","status-publish","format-standard","hentry"],"_links":{"self":[{"href":"https:\/\/euvivoaselecao.com.br\/index.php\/wp-json\/wp\/v2\/posts\/54920","targetHints":{"allow":["GET"]}}],"collection":[{"href":"https:\/\/euvivoaselecao.com.br\/index.php\/wp-json\/wp\/v2\/posts"}],"about":[{"href":"https:\/\/euvivoaselecao.com.br\/index.php\/wp-json\/wp\/v2\/types\/post"}],"author":[{"embeddable":true,"href":"https:\/\/euvivoaselecao.com.br\/index.php\/wp-json\/wp\/v2\/users\/2"}],"replies":[{"embeddable":true,"href":"https:\/\/euvivoaselecao.com.br\/index.php\/wp-json\/wp\/v2\/comments?post=54920"}],"version-history":[{"count":0,"href":"https:\/\/euvivoaselecao.com.br\/index.php\/wp-json\/wp\/v2\/posts\/54920\/revisions"}],"wp:attachment":[{"href":"https:\/\/euvivoaselecao.com.br\/index.php\/wp-json\/wp\/v2\/media?parent=54920"}],"wp:term":[{"taxonomy":"category","embeddable":true,"href":"https:\/\/euvivoaselecao.com.br\/index.php\/wp-json\/wp\/v2\/categories?post=54920"},{"taxonomy":"post_tag","embeddable":true,"href":"https:\/\/euvivoaselecao.com.br\/index.php\/wp-json\/wp\/v2\/tags?post=54920"}],"curies":[{"name":"wp","href":"https:\/\/api.w.org\/{rel}","templated":true}]}}