{"id":54921,"date":"2025-07-02T00:44:06","date_gmt":"2025-07-02T03:44:06","guid":{"rendered":"https:\/\/euvivoaselecao.com.br\/index.php\/2025\/07\/02\/centros-de-educacao-infantil-do-caranda-realizam-eventos-festivos-com-a-tematica-da-tradicao-caipira-agencia-de-noticias\/"},"modified":"2025-07-02T00:44:06","modified_gmt":"2025-07-02T03:44:06","slug":"centros-de-educacao-infantil-do-caranda-realizam-eventos-festivos-com-a-tematica-da-tradicao-caipira-agencia-de-noticias","status":"publish","type":"post","link":"https:\/\/euvivoaselecao.com.br\/index.php\/2025\/07\/02\/centros-de-educacao-infantil-do-caranda-realizam-eventos-festivos-com-a-tematica-da-tradicao-caipira-agencia-de-noticias\/","title":{"rendered":"Centros de Educa\u00e7\u00e3o Infantil do Carand\u00e1 realizam eventos festivos com a tem\u00e1tica da tradi\u00e7\u00e3o caipira \u2013 Ag\u00eancia de Not\u00edcias"},"content":{"rendered":"<p><\/p>\n<div wp_automatic_readability=\"53\">\n<p align=\"justify\">\n<p align=\"justify\"><em>Fotos: Rose Campos\/Secom<\/em><\/p>\n<p align=\"justify\">As escolas da rede municipal come\u00e7am a realizar a\u00e7\u00f5es especiais com foco nos festejos de junho, com tem\u00e1tica da tradi\u00e7\u00e3o caipira. Entre elas, os Centros de Educa\u00e7\u00e3o Infantil (CEI) 129 \u201cProf.\u00aa Eva Apparecida Jo\u00e3o de Freitas\u201d e 130 \u201cProf.\u00aa Helley de Abreu Silva Batista\u201d, no bairro Residencial Carand\u00e1, na Zona Norte, que realizaram eventos festivos, na \u00faltima sexta-feira (27), reunindo alunos e seus pais e respons\u00e1veis.<\/p>\n<p align=\"justify\">\u201cA\u00e7\u00f5es como esta fortalecem os la\u00e7os com a comunidade e mostram o compromisso da educa\u00e7\u00e3o infantil com o desenvolvimento integral das crian\u00e7as\u201d, afirma a gestora de Desenvolvimento Educacional da Secretaria da Educa\u00e7\u00e3o (Sedu), Patr\u00edcia Justo.<\/p>\n<p align=\"justify\">As atividades foram tamb\u00e9m uma oportunidade para que a comunidade escolar como um todo interagisse entre si. Al\u00e9m de proporcionar um momento de lazer e divers\u00e3o para as crian\u00e7as, junto a seus familiares.<\/p>\n<p><!-- Root element of PhotoSwipe. Must have class pswp. --><\/p><\/div>\n","protected":false},"excerpt":{"rendered":"<p>Fotos: Rose Campos\/Secom As escolas da rede municipal come\u00e7am a realizar a\u00e7\u00f5es especiais com foco nos festejos de junho, com<\/p>\n","protected":false},"author":1,"featured_media":0,"comment_status":"","ping_status":"","sticky":false,"template":"","format":"standard","meta":{"colormag_page_container_layout":"default_layout","colormag_page_sidebar_layout":"default_layout","footnotes":""},"categories":[1],"tags":[],"class_list":["post-54921","post","type-post","status-publish","format-standard","hentry","category-sem-categoria"],"_links":{"self":[{"href":"https:\/\/euvivoaselecao.com.br\/index.php\/wp-json\/wp\/v2\/posts\/54921","targetHints":{"allow":["GET"]}}],"collection":[{"href":"https:\/\/euvivoaselecao.com.br\/index.php\/wp-json\/wp\/v2\/posts"}],"about":[{"href":"https:\/\/euvivoaselecao.com.br\/index.php\/wp-json\/wp\/v2\/types\/post"}],"author":[{"embeddable":true,"href":"https:\/\/euvivoaselecao.com.br\/index.php\/wp-json\/wp\/v2\/users\/1"}],"replies":[{"embeddable":true,"href":"https:\/\/euvivoaselecao.com.br\/index.php\/wp-json\/wp\/v2\/comments?post=54921"}],"version-history":[{"count":0,"href":"https:\/\/euvivoaselecao.com.br\/index.php\/wp-json\/wp\/v2\/posts\/54921\/revisions"}],"wp:attachment":[{"href":"https:\/\/euvivoaselecao.com.br\/index.php\/wp-json\/wp\/v2\/media?parent=54921"}],"wp:term":[{"taxonomy":"category","embeddable":true,"href":"https:\/\/euvivoaselecao.com.br\/index.php\/wp-json\/wp\/v2\/categories?post=54921"},{"taxonomy":"post_tag","embeddable":true,"href":"https:\/\/euvivoaselecao.com.br\/index.php\/wp-json\/wp\/v2\/tags?post=54921"}],"curies":[{"name":"wp","href":"https:\/\/api.w.org\/{rel}","templated":true}]}}