{"id":54924,"date":"2025-07-02T01:24:35","date_gmt":"2025-07-02T04:24:35","guid":{"rendered":"https:\/\/euvivoaselecao.com.br\/index.php\/2025\/07\/02\/pf-ouve-wajngarten-e-atual-advogado-de-bolsonaro-sobre-denuncia-de-cid\/"},"modified":"2025-07-02T01:24:35","modified_gmt":"2025-07-02T04:24:35","slug":"pf-ouve-wajngarten-e-atual-advogado-de-bolsonaro-sobre-denuncia-de-cid","status":"publish","type":"post","link":"https:\/\/euvivoaselecao.com.br\/index.php\/2025\/07\/02\/pf-ouve-wajngarten-e-atual-advogado-de-bolsonaro-sobre-denuncia-de-cid\/","title":{"rendered":"PF ouve Wajngarten e atual advogado de Bolsonaro sobre den\u00fancia de Cid"},"content":{"rendered":"<p><\/p>\n<div wp_automatic_readability=\"113.94594594595\">\n<p>A\u00a0Pol\u00edcia Federal (PF) ouviu nesta ter\u00e7a-feira (1\u00ba) os depoimentos dos advogados F\u00e1bio Wajngarten, que atuou na defesa do ex-presidente Jair Bolsonaro; Paulo Cunha Bueno, atual defensor do ex-presidente; Eduardo Kuntz, que atua como advogado do coronel Marcelo C\u00e2mara; e o pr\u00f3prio Marcelo C\u00e2mara, ex-assessor de Bolsonaro.\u00a0<\/p>\n<p><strong>Eles foram ouvidos de forma simult\u00e2nea, mas em salas separadas, pela Pol\u00edcia Federal,<\/strong>\u00a0no inqu\u00e9rito que apura uma poss\u00edvel tentativa de obstru\u00e7\u00e3o da a\u00e7\u00e3o penal que investiga uma trama golpista para manter Bolsonaro no poder.\u00a0<\/p>\n<p>Wajngarten, Kuntz e Bueno compareceram nesta tarde\u00a0na superintend\u00eancia da Pol\u00edcia Federal em S\u00e3o Paulo. Eles chegaram ao local por volta das 14h30, sem falar com a imprensa. Apesar de estarem em S\u00e3o Paulo, esses depoimentos foram tomados pela Pol\u00edcia Federal em Bras\u00edlia, por meio de videoconfer\u00eancia. J\u00e1 Marcelo C\u00e2mara prestou depoimento em Bras\u00edlia, onde est\u00e1 preso.\u00a0<\/p>\n<p><strong>CMN pro\u00edbe uso de cr\u00e9dito de custeio para a\u00e7\u00f5es de desmatamento<\/strong><\/p>\n<p><strong>Chega ao Congresso caderno de propostas para educa\u00e7\u00e3o antirracista<\/strong><\/p>\n<p>Os depoimentos foram determinados pelo ministro Alexandre de Moraes, do Supremo Tribunal Federal (STF), ap\u00f3s Cid apresentar \u00e0 Pol\u00edcia Federal documentos com declara\u00e7\u00f5es da m\u00e3e, da esposa e da filha relatando supostas \u201cinvestidas\u201d de Wajngarten e Bueno sobre elas.<\/p>\n<p>Wajngarten foi secret\u00e1rio de Comunica\u00e7\u00e3o Social da Presid\u00eancia e atuou na defesa do ex-presidente da Rep\u00fablica Jair Bolsonaro, e Costa Bueno \u00e9 um dos atuais advogados de Bolsonaro.<\/p>\n<p><strong>Segundo a defesa de Cid, Wajngarten e Bueno teriam pressionado a m\u00e3e, a esposa e a filha do ex-ajudante de ordens em busca de detalhes sobre o conte\u00fado de sua dela\u00e7\u00e3o.<\/strong> Tamb\u00e9m teriam tentado influenciar os familiares para que ele destitu\u00edsse sua defesa j\u00e1 constitu\u00edda. Para o ministro Alexandre de Moraes, as condutas narradas indicam a suposta pr\u00e1tica do crime de obstru\u00e7\u00e3o de investiga\u00e7\u00e3o de infra\u00e7\u00e3o penal que envolva organiza\u00e7\u00e3o criminosa.<\/p>\n<p>Eduardo Kuntz tamb\u00e9m teria procurado insistentemente a filha menor de Mauro Cid. Por isso, ele tamb\u00e9m ser\u00e1 investigado por tentativa de obstru\u00e7\u00e3o da Justi\u00e7a.<\/p>\n<p><strong>D\u00f3lar sobe para R$ 5,46 com IOF e realiza\u00e7\u00e3o de lucros<\/strong><\/p>\n<p><strong>Rio lan\u00e7a aplicativo para auxiliar no combate ao roubo de celulares<\/strong><\/p>\n<p>Bueno foi o primeiro a deixar a sede da PF, antes das 17h, mas saiu sem falar com a imprensa. J\u00e1 Kuntz foi o \u00faltimo a sair do local.\u00a0<\/p>\n<p>Ap\u00f3s mais de 5h30 de depoimento aos agentes, Kuntz deixou o \u00f3rg\u00e3o depois das 20h e, em entrevista \u00e0 imprensa, se limitou a dizer que sua \u201catua\u00e7\u00e3o profissional e legal foi totalmente dentro dos par\u00e2metros, sem qualquer tipo de conduta il\u00edcita ou com falha \u00e9tica\u201d.<\/p>\n<h2>Wajngarten<\/h2>\n<p>Na sa\u00edda da Superintend\u00eancia da PF em S\u00e3o Paulo, por volta das 17h20, Wajngarten concedeu entrevista \u00e0\u00a0imprensa e\u00a0disse que pretende entrar com um processo na justi\u00e7a por cal\u00fania, sem especificar contra quem.<\/p>\n<p>\u201cTerminei o meu depoimento, do qual eu n\u00e3o pude trazer uma c\u00f3pia, repudiando de forma veemente a acusa\u00e7\u00e3o de tentativa de obstru\u00e7\u00e3o, e a minha \u00faltima frase \u00e9 que eu tomarei as medidas cab\u00edveis. Vou estudar as medidas cab\u00edveis para ingressar com uma a\u00e7\u00e3o de den\u00fancia caluniosa\u00a0a quem quer que seja e eu vou estudar essas possibilidades\u201d, disse ele.\u00a0<\/p>\n<p>\u201cEu repudio de forma veemente a acusa\u00e7\u00e3o de tentativa de tumultuar, de desorganizar, de atrapalhar, de embara\u00e7ar a investiga\u00e7\u00e3o. Repudio e afirmo que estou estudando a possibilidade de ingressar com a\u00e7\u00f5es e den\u00fancias. Eu n\u00e3o sei quem [vou denunciar], mas quem quer que seja\u201d, declarou Wajngarten.\u00a0<\/p>\n<p>Wajngarten negou que tenha procurado ou feito contato com a filha de Mauro Cid. Ele afirma que n\u00e3o fala com a fam\u00edlia do militar desde agosto de 2023 e que s\u00f3 teria falado com a filha dele sobre um campeonato de hipismo no Jockey de S\u00e3o Paulo. \u201cNunca perguntei sobre dela\u00e7\u00e3o. Nunca perguntei sobre depoimento, nunca perguntei de nada, de nada\u201d.\u00a0<\/p>\n<p>Para ele, a investiga\u00e7\u00e3o tem objetivos pol\u00edticos. \u201cPoucas vezes, dei a minha opini\u00e3. Esse processo de golpe \u00e9 uma tentativa de retirar o presidente Bolsonaro do processo eleitoral de 2026. Mas uma elei\u00e7\u00e3o sem o presidente Bolsonaro n\u00e3o \u00e9 uma elei\u00e7\u00e3o democr\u00e1tica\u201d, declarou.\u00a0<\/p>\n<p>Procurada hoje pela <strong>Ag\u00eancia Brasil<\/strong>, a Pol\u00edcia Federal informou apenas que \u201cn\u00e3o se manifesta sobre eventuais tomadas de depoimentos\u201d.\u00a0<\/p>\n<p><em>*Mat\u00e9ria atualizada \u00e0s 21h para acr\u00e9scimo de informa\u00e7\u00f5es<\/em><\/p>\n<\/div>\n","protected":false},"excerpt":{"rendered":"<p>A\u00a0Pol\u00edcia Federal (PF) ouviu nesta ter\u00e7a-feira (1\u00ba) os depoimentos dos advogados F\u00e1bio Wajngarten, que atuou na defesa do ex-presidente Jair<\/p>\n","protected":false},"author":2,"featured_media":0,"comment_status":"","ping_status":"","sticky":false,"template":"","format":"standard","meta":{"colormag_page_container_layout":"default_layout","colormag_page_sidebar_layout":"default_layout","footnotes":""},"categories":[],"tags":[],"class_list":["post-54924","post","type-post","status-publish","format-standard","hentry"],"_links":{"self":[{"href":"https:\/\/euvivoaselecao.com.br\/index.php\/wp-json\/wp\/v2\/posts\/54924","targetHints":{"allow":["GET"]}}],"collection":[{"href":"https:\/\/euvivoaselecao.com.br\/index.php\/wp-json\/wp\/v2\/posts"}],"about":[{"href":"https:\/\/euvivoaselecao.com.br\/index.php\/wp-json\/wp\/v2\/types\/post"}],"author":[{"embeddable":true,"href":"https:\/\/euvivoaselecao.com.br\/index.php\/wp-json\/wp\/v2\/users\/2"}],"replies":[{"embeddable":true,"href":"https:\/\/euvivoaselecao.com.br\/index.php\/wp-json\/wp\/v2\/comments?post=54924"}],"version-history":[{"count":0,"href":"https:\/\/euvivoaselecao.com.br\/index.php\/wp-json\/wp\/v2\/posts\/54924\/revisions"}],"wp:attachment":[{"href":"https:\/\/euvivoaselecao.com.br\/index.php\/wp-json\/wp\/v2\/media?parent=54924"}],"wp:term":[{"taxonomy":"category","embeddable":true,"href":"https:\/\/euvivoaselecao.com.br\/index.php\/wp-json\/wp\/v2\/categories?post=54924"},{"taxonomy":"post_tag","embeddable":true,"href":"https:\/\/euvivoaselecao.com.br\/index.php\/wp-json\/wp\/v2\/tags?post=54924"}],"curies":[{"name":"wp","href":"https:\/\/api.w.org\/{rel}","templated":true}]}}