{"id":54966,"date":"2025-07-02T10:28:27","date_gmt":"2025-07-02T13:28:27","guid":{"rendered":"https:\/\/euvivoaselecao.com.br\/index.php\/2025\/07\/02\/internacoes-por-sindrome-respiratoria-grave-continuam-altas-no-rio\/"},"modified":"2025-07-02T10:28:27","modified_gmt":"2025-07-02T13:28:27","slug":"internacoes-por-sindrome-respiratoria-grave-continuam-altas-no-rio","status":"publish","type":"post","link":"https:\/\/euvivoaselecao.com.br\/index.php\/2025\/07\/02\/internacoes-por-sindrome-respiratoria-grave-continuam-altas-no-rio\/","title":{"rendered":"Interna\u00e7\u00f5es por s\u00edndrome respirat\u00f3ria grave continuam altas no Rio"},"content":{"rendered":"<p><\/p>\n<div wp_automatic_readability=\"56.444444444444\">\n<p>O n\u00famero de interna\u00e7\u00f5es por s\u00edndrome respirat\u00f3ria aguda grave (SRAG) permanece acima do esperado no estado do Rio de Janeiro, segundo a Secretaria de Sa\u00fade. Na semana epidemiol\u00f3gica\u00a0entre 22 e 28 de junho\u00a0ocorreram 1.008 interna\u00e7\u00f5es, embora apenas 69 tenham sido notificadas at\u00e9 o momento. Na semana anterior, a estimativa foi de 948 interna\u00e7\u00f5es \u2013 mais do que o dobro dos registros oficiais\u00a0(435).<\/p>\n<p><strong>Em 2025, o estado soma 10.691 interna\u00e7\u00f5es e 762 \u00f3bitos por SRAG. Crian\u00e7as de at\u00e9 9 anos, especialmente entre 1 e 5 anos, continuam sendo as mais afetadas. O n\u00famero de solicita\u00e7\u00f5es de\u00a0leitos hospitalares segue elevado desde o fim de mar\u00e7o, com destaque para as faixas et\u00e1rias de 0 a 4 anos e maiores de 70.<\/strong><\/p>\n<p>A taxa de positividade de exames do painel viral mostra que o v\u00edrus sincicial respirat\u00f3rio (VSR) ainda \u00e9 o mais frequente, embora comece a apresentar tend\u00eancia de queda. Entre as crian\u00e7as, al\u00e9m do VSR, o rinov\u00edrus \u00e9 bastante prevalente. J\u00e1 entre os idosos, o v\u00edrus da Influenza A predominou entre mar\u00e7o e junho.<\/p>\n<p><strong>Inscri\u00e7\u00f5es para o CNU 2025 come\u00e7am nesta quarta-feira<\/strong><\/p>\n<p><strong>Trag\u00e9dia em Itaperuna; laudo revela frieza e precis\u00e3o de adolescente e motiva\u00e7\u00e3o financeira<\/strong><\/p>\n<p><strong>Entre os subtipos de Influenza A, o H1N1 foi o que mais circulou em 2025, com crescimento expressivo a partir da segunda quinzena de abril.<\/strong> Embora tenha iniciado trajet\u00f3ria de queda, o v\u00edrus ainda representa risco, principalmente para gestantes, idosos e crian\u00e7as, p\u00fablicos priorit\u00e1rios da campanha de vacina\u00e7\u00e3o contra a gripe.<\/p>\n<h2>Vacina\u00e7\u00e3o abaixo da meta<\/h2>\n<p><strong>At\u00e9 30 de junho, o estado do Rio\u00a0aplicou 2,588 milh\u00f5es de\u00a0doses da vacina contra a gripe. Desse total, 1.210 milh\u00e3o foram destinadas ao p\u00fablico priorit\u00e1rio \u2013 o equivalente a apenas 27,35% da cobertura esperada, distante da meta de 90% estabelecida pelo Minist\u00e9rio da Sa\u00fade<\/strong>. A maioria dos munic\u00edpios ainda apresenta cobertura vacinal muito aqu\u00e9m do desejado, com destaque negativo para as regi\u00f5es da Baixada Litor\u00e2nea, Metropolitana I e Ba\u00eda da Ilha Grande.<\/p>\n<p>A vacina\u00e7\u00e3o est\u00e1 dispon\u00edvel em todos os 92 munic\u00edpios fluminenses e \u00e9 essencial para prevenir casos graves da doen\u00e7a e \u00f3bitos.<\/p>\n<p><strong>Mostra Grande Otelo exibe filmes finalistas em oito estados<\/strong><\/p>\n<p><strong>Trag\u00e9dia em Itaperuna; adolescentes planejaram dar corpos aos porcos, m\u00e3e de menina seria alvo<\/strong><\/p>\n<\/div>\n","protected":false},"excerpt":{"rendered":"<p>O n\u00famero de interna\u00e7\u00f5es por s\u00edndrome respirat\u00f3ria aguda grave (SRAG) permanece acima do esperado no estado do Rio de Janeiro,<\/p>\n","protected":false},"author":2,"featured_media":0,"comment_status":"","ping_status":"","sticky":false,"template":"","format":"standard","meta":{"colormag_page_container_layout":"default_layout","colormag_page_sidebar_layout":"default_layout","footnotes":""},"categories":[],"tags":[],"class_list":["post-54966","post","type-post","status-publish","format-standard","hentry"],"_links":{"self":[{"href":"https:\/\/euvivoaselecao.com.br\/index.php\/wp-json\/wp\/v2\/posts\/54966","targetHints":{"allow":["GET"]}}],"collection":[{"href":"https:\/\/euvivoaselecao.com.br\/index.php\/wp-json\/wp\/v2\/posts"}],"about":[{"href":"https:\/\/euvivoaselecao.com.br\/index.php\/wp-json\/wp\/v2\/types\/post"}],"author":[{"embeddable":true,"href":"https:\/\/euvivoaselecao.com.br\/index.php\/wp-json\/wp\/v2\/users\/2"}],"replies":[{"embeddable":true,"href":"https:\/\/euvivoaselecao.com.br\/index.php\/wp-json\/wp\/v2\/comments?post=54966"}],"version-history":[{"count":0,"href":"https:\/\/euvivoaselecao.com.br\/index.php\/wp-json\/wp\/v2\/posts\/54966\/revisions"}],"wp:attachment":[{"href":"https:\/\/euvivoaselecao.com.br\/index.php\/wp-json\/wp\/v2\/media?parent=54966"}],"wp:term":[{"taxonomy":"category","embeddable":true,"href":"https:\/\/euvivoaselecao.com.br\/index.php\/wp-json\/wp\/v2\/categories?post=54966"},{"taxonomy":"post_tag","embeddable":true,"href":"https:\/\/euvivoaselecao.com.br\/index.php\/wp-json\/wp\/v2\/tags?post=54966"}],"curies":[{"name":"wp","href":"https:\/\/api.w.org\/{rel}","templated":true}]}}