{"id":54988,"date":"2025-07-02T14:42:13","date_gmt":"2025-07-02T17:42:13","guid":{"rendered":"https:\/\/euvivoaselecao.com.br\/index.php\/2025\/07\/02\/povo-tem-que-conhecer-historia-de-luta-diz-lula-sobre-2-de-julho\/"},"modified":"2025-07-02T14:42:13","modified_gmt":"2025-07-02T17:42:13","slug":"povo-tem-que-conhecer-historia-de-luta-diz-lula-sobre-2-de-julho","status":"publish","type":"post","link":"https:\/\/euvivoaselecao.com.br\/index.php\/2025\/07\/02\/povo-tem-que-conhecer-historia-de-luta-diz-lula-sobre-2-de-julho\/","title":{"rendered":"Povo tem que conhecer hist\u00f3ria de luta, diz Lula sobre 2 de julho"},"content":{"rendered":"<p><\/p>\n<div wp_automatic_readability=\"58.896492728828\">\n<p>O presidente Luiz In\u00e1cio Lula da Silva exaltou, nesta quarta-feira (2), a participa\u00e7\u00e3o do povo na independ\u00eancia do pa\u00eds e defendeu que a popula\u00e7\u00e3o conhe\u00e7a a hist\u00f3ria do Brasil al\u00e9m das vers\u00f5es oficiais. Ele esteve em Salvador (BA), onde participou das celebra\u00e7\u00f5es pelos 202 anos da Independ\u00eancia do Brasil.<\/p>\n<blockquote wp_automatic_readability=\"12\">\n<p>\u201cEstou querendo incentivar a produ\u00e7\u00e3o de uns dez filmes hist\u00f3ricos do Brasil para que o povo conhe\u00e7a a hist\u00f3ria que foi motivadora de muita luta nesse pa\u00eds e de muita conquista, que ningu\u00e9m sabe. Porque o pessoal s\u00f3 sabe a hist\u00f3ria que \u00e9 contada oficialmente\u201d, disse, em entrevista \u00e0 TV Bahia, antes do evento comemorativo na capital baiana.<\/p>\n<\/blockquote>\n<p><strong>Lula lembrou que a independ\u00eancia do Brasil foi um processo de batalhas populares em diversos estados, consolidada na Bahia<\/strong>.<\/p>\n<p><strong>Haddad defende judicializa\u00e7\u00e3o da derruba do decreto do IOF<\/strong><\/p>\n<p><strong>Pol\u00edcia Civil do Rio de Janeiro faz nova necropsia em Juliana Marins<\/strong><\/p>\n<p>\u201cEu digo que pela mesma porta que entraram, eles [os portugueses] sa\u00edram. E foi a Bahia que fez esse marco.\u00a0\u00c9 uma festa que comemora a bravura do povo baiano e, sobretudo, de tr\u00eas mulheres que tiveram muito import\u00e2ncia aqui na Bahia\u201d, disse, em refer\u00eancia \u00e0 Maria Felipa de Oliveira, Maria Quit\u00e9ria e Joana Ang\u00e9lica, hero\u00ednas na luta contra os portugueses.<\/p>\n<p>&gt;&gt; Siga o canal da <strong>Ag\u00eancia Brasil <\/strong>no WhatsApp<\/p>\n<p>Em 2 de julho de 1823, os movimentos populares da Bahia expulsaram, de forma definitiva, as tropas de Portugal que ainda resistiam \u00e0 independ\u00eancia do pa\u00eds, declarada no ano anterior, em 7 de setembro, por Dom Pedro II.<\/p>\n<p><strong>Nessa ter\u00e7a-feira (1\u00ba), o presidente\u00a0encaminhou ao Congresso Nacional projeto de lei para tornar 2 de julho o Dia Nacional da Consolida\u00e7\u00e3o da Independ\u00eancia do Brasil.<\/strong><\/p>\n<p><strong>Ind\u00fastria cai 0,5% em maio e recua pelo segundo m\u00eas seguido<\/strong><\/p>\n<p><strong>Artistas negras discutem impacto colonial\u00a0na Temporada Fran\u00e7a-Brasil<\/strong><\/p>\n<blockquote wp_automatic_readability=\"11\">\n<p>\u201cTem muita import\u00e2ncia para a Bahia porque \u00e9 valorizar a hist\u00f3ria do povo baiano e muita import\u00e2ncia para o pa\u00eds, porque voc\u00ea vai colocar isso nos livros de hist\u00f3ria do Brasil. Vai colocar\u00a0no livro did\u00e1tico que voc\u00ea distribui nas escolas, para as crian\u00e7as e para o ensino m\u00e9dio\u201d, argumentou.<\/p>\n<\/blockquote>\n<p><strong>Segundo Lula, a proposta n\u00e3o \u00e9 criar um novo feriado nacional, apenas reconhecer o marco do dia 2 de julho.<\/strong><\/p>\n<\/div>\n","protected":false},"excerpt":{"rendered":"<p>O presidente Luiz In\u00e1cio Lula da Silva exaltou, nesta quarta-feira (2), a participa\u00e7\u00e3o do povo na independ\u00eancia do pa\u00eds e<\/p>\n","protected":false},"author":2,"featured_media":0,"comment_status":"","ping_status":"","sticky":false,"template":"","format":"standard","meta":{"colormag_page_container_layout":"default_layout","colormag_page_sidebar_layout":"default_layout","footnotes":""},"categories":[],"tags":[],"class_list":["post-54988","post","type-post","status-publish","format-standard","hentry"],"_links":{"self":[{"href":"https:\/\/euvivoaselecao.com.br\/index.php\/wp-json\/wp\/v2\/posts\/54988","targetHints":{"allow":["GET"]}}],"collection":[{"href":"https:\/\/euvivoaselecao.com.br\/index.php\/wp-json\/wp\/v2\/posts"}],"about":[{"href":"https:\/\/euvivoaselecao.com.br\/index.php\/wp-json\/wp\/v2\/types\/post"}],"author":[{"embeddable":true,"href":"https:\/\/euvivoaselecao.com.br\/index.php\/wp-json\/wp\/v2\/users\/2"}],"replies":[{"embeddable":true,"href":"https:\/\/euvivoaselecao.com.br\/index.php\/wp-json\/wp\/v2\/comments?post=54988"}],"version-history":[{"count":0,"href":"https:\/\/euvivoaselecao.com.br\/index.php\/wp-json\/wp\/v2\/posts\/54988\/revisions"}],"wp:attachment":[{"href":"https:\/\/euvivoaselecao.com.br\/index.php\/wp-json\/wp\/v2\/media?parent=54988"}],"wp:term":[{"taxonomy":"category","embeddable":true,"href":"https:\/\/euvivoaselecao.com.br\/index.php\/wp-json\/wp\/v2\/categories?post=54988"},{"taxonomy":"post_tag","embeddable":true,"href":"https:\/\/euvivoaselecao.com.br\/index.php\/wp-json\/wp\/v2\/tags?post=54988"}],"curies":[{"name":"wp","href":"https:\/\/api.w.org\/{rel}","templated":true}]}}