{"id":55033,"date":"2025-07-02T23:04:13","date_gmt":"2025-07-03T02:04:13","guid":{"rendered":"https:\/\/euvivoaselecao.com.br\/index.php\/2025\/07\/02\/joao-pessoa-segue-com-alerta-amarelo-e-defesa-civil-mantem-equipes-de-prontidao\/"},"modified":"2025-07-02T23:04:13","modified_gmt":"2025-07-03T02:04:13","slug":"joao-pessoa-segue-com-alerta-amarelo-e-defesa-civil-mantem-equipes-de-prontidao","status":"publish","type":"post","link":"https:\/\/euvivoaselecao.com.br\/index.php\/2025\/07\/02\/joao-pessoa-segue-com-alerta-amarelo-e-defesa-civil-mantem-equipes-de-prontidao\/","title":{"rendered":"Jo\u00e3o Pessoa segue com alerta amarelo e Defesa Civil mant\u00e9m equipes de prontid\u00e3o"},"content":{"rendered":"<p><\/p>\n<div>\n<p>Com um alerta amarelo em vigor, Jo\u00e3o Pessoa registrou a m\u00e9dia de 81,5 mm de chuvas nas \u00faltimas 24 horas. O aviso do Instituto Nacional de Meteorologia (Inmet), v\u00e1lido at\u00e9 as 10h desta quinta-feira (3), prev\u00ea chuvas entre 20 e 30 mm\/h podendo chegar a 50 mm\/dia, baixo risco de alagamentos e pequenos deslizamentos.<\/p>\n<figure class=\"wp-block-gallery has-nested-images columns-default is-cropped wp-block-gallery-1 is-layout-flex wp-block-gallery-is-layout-flex\">\n<figure class=\"wp-block-image size-large\"><\/figure>\n<figure class=\"wp-block-image size-large\"><\/figure>\n<\/figure>\n<p>As equipes da Coordenadoria Municipal de Prote\u00e7\u00e3o e Defesa Civil (Compdec-JP) seguem de prontid\u00e3o, monitorando as barreiras, encostas e o n\u00edvel dos rios para minimizar poss\u00edveis transtornos e, consequentemente, assegurar o bem-estar da popula\u00e7\u00e3o, principalmente das pessoas que moram nessas \u00e1reas.<\/p>\n<p>\u201cEstamos no per\u00edodo chuvoso, com alertas constantemente sendo renovados. Por isso, as equipes da Defesa Civil continuam o trabalho de monitoramento das \u00e1reas de risco. As a\u00e7\u00f5es preventivas que realizamos est\u00e3o focadas na prote\u00e7\u00e3o das pessoas, por isso orientamos que a qualquer sinal de risco deixem o local e entrem em contato conosco\u201d, disse o coordenador da Defesa Civil, Kelson Chaves.<\/p>\n<p><strong>Ocorr\u00eancias \u2013 <\/strong>A Defesa Civil registrou, nas \u00faltimas 24h, seis ocorr\u00eancias relacionadas \u00e0s chuvas. Um im\u00f3vel desabou e cinco tiveram danos, mas nem todos foram interditados. O desabamento foi no bairro da Torre. O morador foi realocado temporariamente para a casa de um vizinho, enquanto aguarda a inclus\u00e3o no programa Aux\u00edlio Moradia.<\/p>\n<p>As demais ocorr\u00eancias foram nos bairros do Grot\u00e3o, Roger e Mangabeira. Em nenhuma delas houve feridos e as fam\u00edlias foram orientadas pela Defesa Civil a deixarem o local, sendo encaminhadas para casa de parentes.<\/p>\n<p><strong>Como acionar \u2013<\/strong> Em caso de necessidade, a Defesa Civil deve ser acionada pelos n\u00fameros 98831-6885 (WhatsApp) e 199 ou aplicativo \u2018Jo\u00e3o Pessoa na Palma da M\u00e3o\u2019, que pode ser baixado gratuitamente nas plataformas Play Store e AppStore.<\/p>\n<\/p><\/div>\n","protected":false},"excerpt":{"rendered":"<p>Com um alerta amarelo em vigor, Jo\u00e3o Pessoa registrou a m\u00e9dia de 81,5 mm de chuvas nas \u00faltimas 24 horas.<\/p>\n","protected":false},"author":1,"featured_media":0,"comment_status":"","ping_status":"","sticky":false,"template":"","format":"standard","meta":{"colormag_page_container_layout":"default_layout","colormag_page_sidebar_layout":"default_layout","footnotes":""},"categories":[1],"tags":[],"class_list":["post-55033","post","type-post","status-publish","format-standard","hentry","category-sem-categoria"],"_links":{"self":[{"href":"https:\/\/euvivoaselecao.com.br\/index.php\/wp-json\/wp\/v2\/posts\/55033","targetHints":{"allow":["GET"]}}],"collection":[{"href":"https:\/\/euvivoaselecao.com.br\/index.php\/wp-json\/wp\/v2\/posts"}],"about":[{"href":"https:\/\/euvivoaselecao.com.br\/index.php\/wp-json\/wp\/v2\/types\/post"}],"author":[{"embeddable":true,"href":"https:\/\/euvivoaselecao.com.br\/index.php\/wp-json\/wp\/v2\/users\/1"}],"replies":[{"embeddable":true,"href":"https:\/\/euvivoaselecao.com.br\/index.php\/wp-json\/wp\/v2\/comments?post=55033"}],"version-history":[{"count":0,"href":"https:\/\/euvivoaselecao.com.br\/index.php\/wp-json\/wp\/v2\/posts\/55033\/revisions"}],"wp:attachment":[{"href":"https:\/\/euvivoaselecao.com.br\/index.php\/wp-json\/wp\/v2\/media?parent=55033"}],"wp:term":[{"taxonomy":"category","embeddable":true,"href":"https:\/\/euvivoaselecao.com.br\/index.php\/wp-json\/wp\/v2\/categories?post=55033"},{"taxonomy":"post_tag","embeddable":true,"href":"https:\/\/euvivoaselecao.com.br\/index.php\/wp-json\/wp\/v2\/tags?post=55033"}],"curies":[{"name":"wp","href":"https:\/\/api.w.org\/{rel}","templated":true}]}}