{"id":55063,"date":"2025-07-03T04:28:10","date_gmt":"2025-07-03T07:28:10","guid":{"rendered":"https:\/\/euvivoaselecao.com.br\/index.php\/2025\/07\/03\/secretaria-da-mulher-e-secretaria-da-inclusao-e-do-transtorno-do-espectro-autista-realizam-a-terceira-edicao-do-mulher-em-foco-dia-de-beleza\/"},"modified":"2025-07-03T04:28:10","modified_gmt":"2025-07-03T07:28:10","slug":"secretaria-da-mulher-e-secretaria-da-inclusao-e-do-transtorno-do-espectro-autista-realizam-a-terceira-edicao-do-mulher-em-foco-dia-de-beleza","status":"publish","type":"post","link":"https:\/\/euvivoaselecao.com.br\/index.php\/2025\/07\/03\/secretaria-da-mulher-e-secretaria-da-inclusao-e-do-transtorno-do-espectro-autista-realizam-a-terceira-edicao-do-mulher-em-foco-dia-de-beleza\/","title":{"rendered":"Secretaria da Mulher e Secretaria da Inclus\u00e3o e do Transtorno do Espectro Autista realizam a terceira edi\u00e7\u00e3o do \u201cMulher em Foco \u2013 Dia de Beleza\u201d"},"content":{"rendered":"<p><\/p>\n<div wp_automatic_readability=\"163.6662817552\">\n<p align=\"justify\">\n<p align=\"justify\"><em>Fotos: Maria Eduarda Nalesso (programa de est\u00e1gio)<\/em><\/p>\n<p align=\"justify\"><span style=\"color: #171717;\"><span style=\"font-family: Arial, sans-serif;\"><span style=\"font-size: medium;\">A S<\/span><\/span><\/span><span style=\"color: #171717;\"><span style=\"font-family: Arial, sans-serif;\"><span style=\"font-size: medium;\">ecretaria da Mulher (Semul) e a Secretaria da Inclus\u00e3o e do Transtorno do Espectro Autista (Sintea) <\/span><\/span><\/span><span style=\"color: #171717;\"><span style=\"font-family: Arial, sans-serif;\"><span style=\"font-size: medium;\">realizaram a terceira edi\u00e7\u00e3o do <\/span><\/span><\/span><span style=\"color: #171717;\"><span style=\"font-family: Arial, sans-serif;\"><span style=\"font-size: medium;\">encontro \u201cMulher em Foco \u2013 Dia de Beleza\u201d, em edi\u00e7\u00e3o especial, para homenagear as m\u00e3es at\u00edpicas. <\/span><\/span><\/span><span style=\"color: #171717;\"><span style=\"font-family: Arial, sans-serif;\"><span style=\"font-size: medium;\">A a\u00e7\u00e3o foi realizada no <\/span><\/span><\/span><span style=\"color: #171717;\"><span style=\"font-family: Arial, sans-serif;\"><span style=\"font-size: medium;\">Jardim Bot\u00e2nico \u201cIrm\u00e3os Villas-B\u00f4as\u201d, no Jardim Dois Cora\u00e7\u00f5es. <\/span><\/span><\/span><span style=\"color: #171717;\"><span style=\"font-family: Arial, sans-serif;\"><span style=\"font-size: medium;\">O objetivo foi proporcionar um momento e um clima de acolhimento a todas as participantes, com espa\u00e7o para uma reflex\u00e3o sobre os <\/span><\/span><\/span><span style=\"color: #171717;\"><span style=\"font-family: Arial, sans-serif;\"><span style=\"font-size: medium;\">desafios <\/span><\/span><\/span><span style=\"color: #171717;\"><span style=\"font-family: Arial, sans-serif;\"><span style=\"font-size: medium;\">e as sobrecargas que enfrentam em seu <\/span><\/span><\/span><span style=\"color: #171717;\"><span style=\"font-family: Arial, sans-serif;\"><span style=\"font-size: medium;\">dia a dia, <\/span><\/span><\/span><span style=\"color: #171717;\"><span style=\"font-family: Arial, sans-serif;\"><span style=\"font-size: medium;\">mas proporcionando um resgate de suas personalidades como mulheres, que tamb\u00e9m merecem carinho e cuidados. Neste evento, elas puderam exercitar o seu protagonismo e se permitir serem cuidadas. Foram disponibilizados servi\u00e7os como maquiagem, cabelo, spa dos p\u00e9s, aromaterapia, entre outros. Al\u00e9m de uma palestra com a m\u00e3e at\u00edpica e autora de livro sobre o tema, P<\/span><\/span><\/span><span style=\"color: #171717;\"><span style=\"font-family: Arial, sans-serif;\"><span style=\"font-size: medium;\">riscila<\/span><\/span><\/span><span style=\"color: #171717;\"><span style=\"font-family: Arial, sans-serif;\"><span style=\"font-size: medium;\"> Vieira. <\/span><\/span><\/span><\/p>\n<p align=\"justify\"><span style=\"color: #171717;\"><span style=\"font-family: Arial, sans-serif;\"><span style=\"font-size: medium;\">V<\/span><\/span><\/span><span style=\"color: #171717;\"><span style=\"font-family: Arial, sans-serif;\"><span style=\"font-size: medium;\">alesca Viscarra Costa de Almeida <\/span><\/span><\/span><span style=\"color: #171717;\"><span style=\"font-family: Arial, sans-serif;\"><span style=\"font-size: medium;\">foi uma das participantes e aprovou a iniciativa. \u201cFomos muito bem recebidas e \u00e9 muito bom ser cuidada. Eu atuo em uma ONG que trabalha com essa causa e tenho uma rotina bastante intensa de cuidar da fam\u00edlia e do trabalho. Tenho tr\u00eas filhas, de 22, 23 e 19 anos, al\u00e9m de um neto, de dois anos. Agora quero aproveitar tudo o que est\u00e1 sendo proporcionado para a gente\u201d.<\/span><\/span><\/span><\/p>\n<p align=\"justify\"><span style=\"color: #171717;\">\u201c<span style=\"font-family: Arial, sans-serif;\"><span style=\"font-size: medium;\">Sou Patr\u00edcia Ferraz de Souza, m\u00e3e at\u00edpica. Tenho um filho chamado Miguel, <\/span><\/span><\/span><span style=\"color: #171717;\"><span style=\"font-family: Arial, sans-serif;\"><span style=\"font-size: medium;\">de sete anos, <\/span><\/span><\/span><span style=\"color: #171717;\"><span style=\"font-family: Arial, sans-serif;\"><span style=\"font-size: medium;\">que tem s\u00edndrome de down e cardiopatia cong\u00eanita, por\u00e9m, corrigida. \u00c9 muito bom tudo isso que est\u00e3o fazendo aqui, <\/span><\/span><\/span><span style=\"color: #171717;\"><span style=\"font-family: Arial, sans-serif;\"><span style=\"font-size: medium;\">embora nosso cora\u00e7\u00e3o fique l\u00e1 com eles<\/span><\/span><\/span><span style=\"color: #171717;\"><span style=\"font-family: Arial, sans-serif;\"><span style=\"font-size: medium;\">. A gente est\u00e1 acostumada a n\u00e3o se colocar em primeiro lugar. E eu me cobro muito. Tenho tamb\u00e9m outro filho pequeno, de quatro anos, <\/span><\/span><\/span><span style=\"color: #171717;\"><span style=\"font-family: Arial, sans-serif;\"><span style=\"font-size: medium;\">al\u00e9m de um mais velho. Estou muito feliz de estar aqui, porque \u00e9 muito dif\u00edcil ter uma oportunidade como esta. <\/span><\/span><\/span><span style=\"color: #171717;\"><span style=\"font-family: Arial, sans-serif;\"><span style=\"font-size: medium;\">Conheci pessoas, houve uma integra\u00e7\u00e3o logo no in\u00edcio, que nos fez sentir \u00e0 vontade. Espero que a\u00e7\u00f5es como esta aconte\u00e7am outras vezes. Porque, no dia a dia, nossa vida \u00e9 muito dif\u00edcil. Para ser sincera, tem dias que nem d\u00e1 vontade de sair da cama. Ent\u00e3o, este evento mexe muito com a nossa autoestima e proporciona um apoio que, \u00e0s vezes, n\u00e3o temos nem na pr\u00f3pria fam\u00edlia\u201d, relata Patr\u00edcia.<\/span><\/span><\/span><\/p>\n<p align=\"justify\"><span style=\"color: #171717;\"><span style=\"font-family: Arial, sans-serif;\"><span style=\"font-size: medium;\">A <\/span><\/span><\/span><span style=\"color: #171717;\"><span style=\"font-family: Arial, sans-serif;\"><span style=\"font-size: medium;\">secret\u00e1ria da Mulher, Ros\u00e2ngela Perecini, destaca que \u00e9 justamente esse o intuito dessas a\u00e7\u00f5es, reunir grupos de mulheres que, em sua rotina, s\u00e3o mais identificadas com o cuidar, em suas v\u00e1rias pr\u00e1ticas, mas que dificilmente encontram espa\u00e7o para serem fortalecidas pelo outro. \u201cQueremos cuidar de quem cuida. Fazer com que essas mulheres voltem a se olhar, a se enxergar com carinho e ter para si a mesma generosidade que oferecem ao outro. A cada edi\u00e7\u00e3o, estamos buscando atender um grupo espec\u00edfico de mulheres. J\u00e1 atendemos mulheres que se sentem invis\u00edveis \u00e0 sociedade, como as pessoas que atuam na \u00e1rea da limpeza. E agora estamos reunindo e oferecendo acolhimento, al\u00e9m de servi\u00e7os, \u00e0s m\u00e3es at\u00edpicas\u201d, afirma a secret\u00e1ria.<\/span><\/span><\/span><\/p>\n<p align=\"justify\"><span style=\"color: #171717;\">\u201c<span style=\"font-family: Arial, sans-serif;\"><span style=\"font-size: medium;\">Eu nunca tinha ouvido falar em m\u00e3e at\u00edpica ou em autismo. Vivi minha vida toda no s\u00edtio e, antigamente, n\u00e3o tinha o mesmo conhecimento que tem hoje. Tudo era visto como problema mental. Sou m\u00e3e de g\u00eameas, duas meninas de cinco anos. Aos dois anos e meio, comecei a perceber que elas tinham dificuldade em falar. Falavam poucas palavras. Levei ao m\u00e9dico, mas diziam que era normal. Foi somente na escola que a professora veio falar comigo, apontar algumas dificuldades delas e me aconselhou a procurar um especialista. Foi quando eu comecei a ouvir falar em autismo, em d\u00e9ficit de aten\u00e7\u00e3o e hiperatividade (TDAH). Para a gente \u00e9 muito dif\u00edcil. Porque a gente n\u00e3o espera os filhos tenham algum problema. E a fam\u00edlia, que deveria ser a primeira a nos apoiar, \u00e9 quem nos aponta o dedo, <\/span><\/span><\/span><span style=\"color: #171717;\"><span style=\"font-family: Arial, sans-serif;\"><span style=\"font-size: medium;\">como se nos culpasse<\/span><\/span><\/span><span style=\"color: #171717;\"><span style=\"font-family: Arial, sans-serif;\"><span style=\"font-size: medium;\">. Ou diz <\/span><\/span><\/span><span style=\"color: #171717;\"><span style=\"font-family: Arial, sans-serif;\"><span style=\"font-size: medium;\">que n\u00e3o \u00e9 nada. <\/span><\/span><\/span><span style=\"color: #171717;\"><span style=\"font-family: Arial, sans-serif;\"><span style=\"font-size: medium;\">A situa\u00e7\u00e3o, para n\u00f3s, \u00e9<\/span><\/span><\/span><span style=\"color: #171717;\"><span style=\"font-family: Arial, sans-serif;\"><span style=\"font-size: medium;\"> muito dif\u00edcil <\/span><\/span><\/span><span style=\"color: #171717;\"><span style=\"font-family: Arial, sans-serif;\"><span style=\"font-size: medium;\">quando descobre o diagn\u00f3stico, \u00e9 duro correr atr\u00e1s de m\u00e9dico, ver que elas n\u00e3o se desenvolvem como as outras crian\u00e7as e nem mesmo adquirem no\u00e7\u00e3o sobre o perigo. As outras pessoas acham que n\u00e3o \u00e9 nada, ou que \u00e9 birra. Eu nunca imaginei que passaria por isso. S\u00f3 n\u00e3o podemos desanimar, porque elas dependem de n\u00f3s. Como m\u00e3e, chegamos a abandonar a n\u00f3s mesmas para cuidar dos pequenos<\/span><\/span><\/span><span style=\"color: #171717;\"><span style=\"font-family: Arial, sans-serif;\"><span style=\"font-size: medium;\">\u201d, conta<\/span><\/span><\/span><span style=\"color: #171717;\"><span style=\"font-family: Arial, sans-serif;\"><span style=\"font-size: medium;\">\u00a0Luciene Veiga de Melo Torres.<\/span><\/span><\/span><\/p>\n<p align=\"justify\"><span style=\"color: #171717;\"><span style=\"font-family: Arial, sans-serif;\"><span style=\"font-size: medium;\">Al\u00e9m dos servi\u00e7os dispon\u00edveis, as participantes tamb\u00e9m tiveram a oportunidade de ouvir a palestra da m\u00e3e at\u00edpica e autora do livro \u201c<\/span><\/span><\/span><span style=\"color: #171717;\"><span style=\"font-family: Arial, sans-serif;\"><span style=\"font-size: medium;\">Amor em Sil\u00eancio\u201d, que aborda as principais quest\u00f5es relacionadas ao autismo. \u201cTenho dois filhos e sou m\u00e3e de dois filhos, do Jo\u00e3o de 14 anos, neurot\u00edpico, e o Matheus, de seis anos, que est\u00e1 dentro do espectro autista, com n\u00edvel 3 de suporte, n\u00e3o verbal. No livro, falo um pouco sobre diagn\u00f3stico, tratamento, preconceito, capacitismo, <\/span><\/span><\/span><span style=\"color: #171717;\"><span style=\"font-family: Arial, sans-serif;\"><span style=\"font-size: medium;\">enfim, <\/span><\/span><\/span><span style=\"color: #171717;\"><span style=\"font-family: Arial, sans-serif;\"><span style=\"font-size: medium;\">uma s\u00e9rie de desafios que as m\u00e3es encontram durante essa jornada. N\u00e3o s\u00f3 compartilho informa\u00e7\u00f5es, mas trago algumas ferramentas para as mulheres aprenderem a lidar com tudo isso <\/span><\/span><\/span><span style=\"color: #171717;\"><span style=\"font-family: Arial, sans-serif;\"><span style=\"font-size: medium;\">e informa\u00e7\u00f5es sobre direitos<\/span><\/span><\/span><span style=\"color: #171717;\"><span style=\"font-family: Arial, sans-serif;\"><span style=\"font-size: medium;\">. No cap\u00edtulo \u2018Ningu\u00e9m cuida de quem cuida\u2019, <\/span><\/span><\/span><span style=\"color: #171717;\"><span style=\"font-family: Arial, sans-serif;\"><span style=\"font-size: medium;\">por exemplo, <\/span><\/span><\/span><span style=\"color: #171717;\"><span style=\"font-family: Arial, sans-serif;\"><span style=\"font-size: medium;\">falo sobre a import\u00e2ncia do autocuidado e da sa\u00fade mental da m\u00e3e, do quanto s\u00e3o importantes. Por isso mesmo, este encontro hoje est\u00e1 sendo fant\u00e1stico! Trocamos viv\u00eancias, experi\u00eancias e sa\u00edmos daqui renovadas. Al\u00e9m de ficarmos mais lindas\u201d, opina a autora.<\/span><\/span><\/span><\/p>\n<p align=\"justify\"><span style=\"color: #171717;\"><span style=\"font-family: Arial, sans-serif;\"><span style=\"font-size: medium;\">A a\u00e7\u00e3o \u201c<\/span><\/span><\/span><span style=\"color: #171717;\"><span style=\"font-family: Arial, sans-serif;\"><span style=\"font-size: medium;\">Mulher em Foco \u2013 Dia de Beleza\u201d <\/span><\/span><\/span><span style=\"color: #171717;\"><span style=\"font-family: Arial, sans-serif;\"><span style=\"font-size: medium;\">est\u00e1 alinhada com os princ\u00edpios dessas Secretarias, que v\u00eam atuando de forma intersetorial <\/span><\/span><\/span><span style=\"color: #171717;\"><span style=\"font-family: Arial, sans-serif;\"><span style=\"font-size: medium;\">para proporcionar<\/span><\/span><\/span><span style=\"color: #171717;\"><span style=\"font-family: Arial, sans-serif;\"><span style=\"font-size: medium;\"> acolhimento, escuta ativa e promo<\/span><\/span><\/span><span style=\"color: #171717;\"><span style=\"font-family: Arial, sans-serif;\"><span style=\"font-size: medium;\">ver <\/span><\/span><\/span><span style=\"color: #171717;\"><span style=\"font-family: Arial, sans-serif;\"><span style=\"font-size: medium;\">pr\u00e1ticas transformadoras, voltadas \u00e0 valoriza\u00e7\u00e3o e ao protagonismo da mulher.<\/span><\/span><\/span><\/p>\n<p align=\"justify\"><span style=\"color: #171717;\"><span style=\"font-family: Arial, sans-serif;\"><span style=\"font-size: medium;\">A Secretaria da Mulher est\u00e1 sediada na Av. Rudolf Dafferner, 65, no Alto da Boa Vista. Mais informa\u00e7\u00f5es pelo telefone (15) 3238-2100 ou e-mail: semul@sorocaba.sp.gov.br. A Secretaria da Inclus\u00e3o e do Transtorno do Espectro Autista est\u00e1 sediada na Rua Miguel Lozano, 340, no Jardim Dois Cora\u00e7\u00f5es. Mais informa\u00e7\u00f5es pelo e-mail sintea@sorocaba.sp.gov.br.<\/span><\/span><\/span><\/p>\n<p><!-- Root element of PhotoSwipe. Must have class pswp. --><\/p><\/div>\n","protected":false},"excerpt":{"rendered":"<p>Fotos: Maria Eduarda Nalesso (programa de est\u00e1gio) A Secretaria da Mulher (Semul) e a Secretaria da Inclus\u00e3o e do Transtorno<\/p>\n","protected":false},"author":1,"featured_media":0,"comment_status":"","ping_status":"","sticky":false,"template":"","format":"standard","meta":{"colormag_page_container_layout":"default_layout","colormag_page_sidebar_layout":"default_layout","footnotes":""},"categories":[1],"tags":[],"class_list":["post-55063","post","type-post","status-publish","format-standard","hentry","category-sem-categoria"],"_links":{"self":[{"href":"https:\/\/euvivoaselecao.com.br\/index.php\/wp-json\/wp\/v2\/posts\/55063","targetHints":{"allow":["GET"]}}],"collection":[{"href":"https:\/\/euvivoaselecao.com.br\/index.php\/wp-json\/wp\/v2\/posts"}],"about":[{"href":"https:\/\/euvivoaselecao.com.br\/index.php\/wp-json\/wp\/v2\/types\/post"}],"author":[{"embeddable":true,"href":"https:\/\/euvivoaselecao.com.br\/index.php\/wp-json\/wp\/v2\/users\/1"}],"replies":[{"embeddable":true,"href":"https:\/\/euvivoaselecao.com.br\/index.php\/wp-json\/wp\/v2\/comments?post=55063"}],"version-history":[{"count":0,"href":"https:\/\/euvivoaselecao.com.br\/index.php\/wp-json\/wp\/v2\/posts\/55063\/revisions"}],"wp:attachment":[{"href":"https:\/\/euvivoaselecao.com.br\/index.php\/wp-json\/wp\/v2\/media?parent=55063"}],"wp:term":[{"taxonomy":"category","embeddable":true,"href":"https:\/\/euvivoaselecao.com.br\/index.php\/wp-json\/wp\/v2\/categories?post=55063"},{"taxonomy":"post_tag","embeddable":true,"href":"https:\/\/euvivoaselecao.com.br\/index.php\/wp-json\/wp\/v2\/tags?post=55063"}],"curies":[{"name":"wp","href":"https:\/\/api.w.org\/{rel}","templated":true}]}}