{"id":55076,"date":"2025-07-03T06:49:25","date_gmt":"2025-07-03T09:49:25","guid":{"rendered":"https:\/\/euvivoaselecao.com.br\/index.php\/2025\/07\/03\/agencia-minas-gerais-previsao-do-tempo-para-minas-gerais-nesta-quinta-feira-3-de-julho\/"},"modified":"2025-07-03T06:49:25","modified_gmt":"2025-07-03T09:49:25","slug":"agencia-minas-gerais-previsao-do-tempo-para-minas-gerais-nesta-quinta-feira-3-de-julho","status":"publish","type":"post","link":"https:\/\/euvivoaselecao.com.br\/index.php\/2025\/07\/03\/agencia-minas-gerais-previsao-do-tempo-para-minas-gerais-nesta-quinta-feira-3-de-julho\/","title":{"rendered":"Ag\u00eancia Minas Gerais | Previs\u00e3o do tempo para Minas Gerais nesta quinta-feira, 3 de julho"},"content":{"rendered":"<p><\/p>\n<div>\n<p>Nesta quinta-feira (3\/7), as condi\u00e7\u00f5es meteorol\u00f3gicas s\u00e3o favor\u00e1veis ao aumento das nuvens, al\u00e9m\u00a0de chuvas ocasionais e de fraca intensidade no Sul, Zona da Mata e Leste do estado de Minas Gerais. Esse cen\u00e1rio se deve em fun\u00e7\u00e3o do transporte de ar \u00famido e frio vindo do mar, em resposta a atua\u00e7\u00e3o de um sistema de alta press\u00e3o atmosf\u00e9rica,\u00a0associado a uma massa de ar frio. Nos pr\u00f3ximos dias, as temperaturas ficam baixas em todas as regi\u00f5es mineiras, inclusive na capital e Regi\u00e3o Metropolitana de Belo Horizonte.<\/p>\n<p>Clique aqui para conferir a previs\u00e3o completa do Instituto Nacional de Meteorologia (Inmet).<\/p>\n<\/p><\/div>\n","protected":false},"excerpt":{"rendered":"<p>Nesta quinta-feira (3\/7), as condi\u00e7\u00f5es meteorol\u00f3gicas s\u00e3o favor\u00e1veis ao aumento das nuvens, al\u00e9m\u00a0de chuvas ocasionais e de fraca intensidade no<\/p>\n","protected":false},"author":1,"featured_media":0,"comment_status":"","ping_status":"","sticky":false,"template":"","format":"standard","meta":{"colormag_page_container_layout":"default_layout","colormag_page_sidebar_layout":"default_layout","footnotes":""},"categories":[1],"tags":[],"class_list":["post-55076","post","type-post","status-publish","format-standard","hentry","category-sem-categoria"],"_links":{"self":[{"href":"https:\/\/euvivoaselecao.com.br\/index.php\/wp-json\/wp\/v2\/posts\/55076","targetHints":{"allow":["GET"]}}],"collection":[{"href":"https:\/\/euvivoaselecao.com.br\/index.php\/wp-json\/wp\/v2\/posts"}],"about":[{"href":"https:\/\/euvivoaselecao.com.br\/index.php\/wp-json\/wp\/v2\/types\/post"}],"author":[{"embeddable":true,"href":"https:\/\/euvivoaselecao.com.br\/index.php\/wp-json\/wp\/v2\/users\/1"}],"replies":[{"embeddable":true,"href":"https:\/\/euvivoaselecao.com.br\/index.php\/wp-json\/wp\/v2\/comments?post=55076"}],"version-history":[{"count":0,"href":"https:\/\/euvivoaselecao.com.br\/index.php\/wp-json\/wp\/v2\/posts\/55076\/revisions"}],"wp:attachment":[{"href":"https:\/\/euvivoaselecao.com.br\/index.php\/wp-json\/wp\/v2\/media?parent=55076"}],"wp:term":[{"taxonomy":"category","embeddable":true,"href":"https:\/\/euvivoaselecao.com.br\/index.php\/wp-json\/wp\/v2\/categories?post=55076"},{"taxonomy":"post_tag","embeddable":true,"href":"https:\/\/euvivoaselecao.com.br\/index.php\/wp-json\/wp\/v2\/tags?post=55076"}],"curies":[{"name":"wp","href":"https:\/\/api.w.org\/{rel}","templated":true}]}}