{"id":55091,"date":"2025-07-03T09:57:12","date_gmt":"2025-07-03T12:57:12","guid":{"rendered":"https:\/\/euvivoaselecao.com.br\/index.php\/2025\/07\/03\/agencia-minas-gerais-transformacao-digital-avanca-na-rede-estadual-de-ensino-de-minas-nos-ultimos-cinco-anos\/"},"modified":"2025-07-03T09:57:12","modified_gmt":"2025-07-03T12:57:12","slug":"agencia-minas-gerais-transformacao-digital-avanca-na-rede-estadual-de-ensino-de-minas-nos-ultimos-cinco-anos","status":"publish","type":"post","link":"https:\/\/euvivoaselecao.com.br\/index.php\/2025\/07\/03\/agencia-minas-gerais-transformacao-digital-avanca-na-rede-estadual-de-ensino-de-minas-nos-ultimos-cinco-anos\/","title":{"rendered":"Ag\u00eancia Minas Gerais | Transforma\u00e7\u00e3o digital avan\u00e7a na rede estadual de ensino de Minas nos \u00faltimos cinco anos"},"content":{"rendered":"<p><\/p>\n<div>\n<p>Nos \u00faltimos cinco anos, a transforma\u00e7\u00e3o digital tem ganhado for\u00e7a na educa\u00e7\u00e3o p\u00fablica de Minas Gerais. Em parceria com a Companhia de Tecnologia da Informa\u00e7\u00e3o do Estado (Prodemge), a Secretaria de Estado de Educa\u00e7\u00e3o (SEE\/MG) j\u00e1 implementou mais de 30 solu\u00e7\u00f5es tecnol\u00f3gicas que modernizam rotinas escolares, simplificam processos de contrata\u00e7\u00e3o, fortalecem a gest\u00e3o pedag\u00f3gica e ampliam o acesso da popula\u00e7\u00e3o aos servi\u00e7os educacionais.<\/p>\n<p>Sistemas como o Boletim Digital, o Di\u00e1rio Escolar Digital+ (DED+), Sistema de Documentos Digitais (eDOC), o\u00a0 Sistema \u00danico de Cadastro e Encaminhamento para Matr\u00edcula (Sucem) e o Trilhas de Futuro j\u00e1 fazem parte do cotidiano das escolas da rede estadual.<\/p>\n<p>H\u00e1 tamb\u00e9m avan\u00e7os nos processos de contrata\u00e7\u00e3o de profissionais, como o novo Sistema de Administra\u00e7\u00e3o e Gest\u00e3o de Pessoal Tempor\u00e1rio (Siagepe), e na forma\u00e7\u00e3o continuada, com o Trilhas de Futuro Educdores. As ferramentas desenvolvidas impactam positivamente diversas \u00e1reas: pedag\u00f3gica, administrativa, de recursos humanos e infraestrutura.<\/p>\n<p>Para o assessor-chefe de Inova\u00e7\u00e3o da SEE\/MG, Magno Peluso Torquette, um dos principais diferenciais da transforma\u00e7\u00e3o digital na Educa\u00e7\u00e3o mineira \u00e9 a ado\u00e7\u00e3o da metodologia \u00e1gil no desenvolvimento dos sistemas. \u201cColocamos o usu\u00e1rio final no centro do processo, ouvindo quem realmente vai usar as plataformas. Isso garante solu\u00e7\u00f5es mais eficazes, com interfaces intuitivas e amig\u00e1veis\u201d, explica.<\/p>\n<p><b>\u00a0Na pr\u00e1tica<\/b><\/p>\n<p>Um exemplo \u00e9 o Di\u00e1rio Escolar Digital (DED+), que reduziu de nove para tr\u00eas o n\u00famero de cliques necess\u00e1rios para o professor registrar a chamada. \u201cEsse ganho de tempo, repetido diariamente em v\u00e1rias turmas, representa mais efici\u00eancia e menos burocracia para o educador\u201d, pontua Torquette.<\/p>\n<p>O avan\u00e7o \u00e9 destacado tamb\u00e9m pela Prodemge. Segundo o superintendente de Sistemas Educacionais, Renan Ribeiro, o n\u00famero de projetos com a SEE saltou de tr\u00eas para 30 nos \u00faltimos cinco anos. \u201cHoje atuamos em todas as \u00e1reas da Educa\u00e7\u00e3o, sempre com foco no cidad\u00e3o. O objetivo \u00e9 facilitar a vida da comunidade escolar em Minas\u201d, afirma.<\/p>\n<p>A digitaliza\u00e7\u00e3o dos sistemas tamb\u00e9m tem papel importante no combate \u00e0 evas\u00e3o escolar. \u201cCom um controle de frequ\u00eancia mais r\u00e1pido e eficiente, \u00e9 poss\u00edvel identificar alunos com faltas recorrentes e acionar a busca ativa com mais agilidade\u201d, complementa Torquette.<\/p>\n<p>Al\u00e9m de melhorar o atendimento e a gest\u00e3o educacional, as solu\u00e7\u00f5es digitais trazem economia de tempo e recursos, mais seguran\u00e7a no armazenamento de dados e redu\u00e7\u00e3o do uso de papel. \u201cQueremos que alunos e profissionais concentrem seus esfor\u00e7os no que realmente importa: o ensino e a aprendizagem\u201d, refor\u00e7a.<\/p>\n<p>A expectativa \u00e9 que as inova\u00e7\u00f5es continuem. Entre as novidades em desenvolvimento est\u00e1 um novo aplicativo para alunos e respons\u00e1veis, com conte\u00fados revisados e outras funcionalidades pensadas com base nas demandas da pr\u00f3pria comunidade escolar.<\/p>\n<p><b>Gest\u00e3o de pessoas mais eficiente<\/b><\/p>\n<p>Na \u00e1rea de recursos humanos, os avan\u00e7os tamb\u00e9m s\u00e3o significativos. O superintendente de Gest\u00e3o de Pessoas da SEE, Tarc\u00edsio de Castro Monteiro, explica que a tecnologia tem permitido um planejamento mais preciso. \u201cCom dados atualizados e confi\u00e1veis, conseguimos alocar profissionais de forma mais eficiente, de acordo com a demanda por disciplina, escola e infraestrutura\u201d, afirma.<\/p>\n<p>\u00a0<\/p>\n<\/p><\/div>\n","protected":false},"excerpt":{"rendered":"<p>Nos \u00faltimos cinco anos, a transforma\u00e7\u00e3o digital tem ganhado for\u00e7a na educa\u00e7\u00e3o p\u00fablica de Minas Gerais. Em parceria com a<\/p>\n","protected":false},"author":1,"featured_media":0,"comment_status":"","ping_status":"","sticky":false,"template":"","format":"standard","meta":{"colormag_page_container_layout":"default_layout","colormag_page_sidebar_layout":"default_layout","footnotes":""},"categories":[1],"tags":[],"class_list":["post-55091","post","type-post","status-publish","format-standard","hentry","category-sem-categoria"],"_links":{"self":[{"href":"https:\/\/euvivoaselecao.com.br\/index.php\/wp-json\/wp\/v2\/posts\/55091","targetHints":{"allow":["GET"]}}],"collection":[{"href":"https:\/\/euvivoaselecao.com.br\/index.php\/wp-json\/wp\/v2\/posts"}],"about":[{"href":"https:\/\/euvivoaselecao.com.br\/index.php\/wp-json\/wp\/v2\/types\/post"}],"author":[{"embeddable":true,"href":"https:\/\/euvivoaselecao.com.br\/index.php\/wp-json\/wp\/v2\/users\/1"}],"replies":[{"embeddable":true,"href":"https:\/\/euvivoaselecao.com.br\/index.php\/wp-json\/wp\/v2\/comments?post=55091"}],"version-history":[{"count":0,"href":"https:\/\/euvivoaselecao.com.br\/index.php\/wp-json\/wp\/v2\/posts\/55091\/revisions"}],"wp:attachment":[{"href":"https:\/\/euvivoaselecao.com.br\/index.php\/wp-json\/wp\/v2\/media?parent=55091"}],"wp:term":[{"taxonomy":"category","embeddable":true,"href":"https:\/\/euvivoaselecao.com.br\/index.php\/wp-json\/wp\/v2\/categories?post=55091"},{"taxonomy":"post_tag","embeddable":true,"href":"https:\/\/euvivoaselecao.com.br\/index.php\/wp-json\/wp\/v2\/tags?post=55091"}],"curies":[{"name":"wp","href":"https:\/\/api.w.org\/{rel}","templated":true}]}}