{"id":55092,"date":"2025-07-03T10:17:22","date_gmt":"2025-07-03T13:17:22","guid":{"rendered":"https:\/\/euvivoaselecao.com.br\/index.php\/2025\/07\/03\/vasco-recebeu-sinalizacao-positiva-para-negociar-a-contratacao-do-atacante-alan-minda\/"},"modified":"2025-07-03T10:17:22","modified_gmt":"2025-07-03T13:17:22","slug":"vasco-recebeu-sinalizacao-positiva-para-negociar-a-contratacao-do-atacante-alan-minda","status":"publish","type":"post","link":"https:\/\/euvivoaselecao.com.br\/index.php\/2025\/07\/03\/vasco-recebeu-sinalizacao-positiva-para-negociar-a-contratacao-do-atacante-alan-minda\/","title":{"rendered":"Vasco recebeu sinaliza\u00e7\u00e3o positiva para negociar a contrata\u00e7\u00e3o do atacante Alan Minda"},"content":{"rendered":"<p><\/p>\n<p>Vasco recebeu sinaliza\u00e7\u00e3o positiva para negociar a contrata\u00e7\u00e3o do atacante Alan Minda<\/p>\n<div><center><\/p>\n<p><iframe class=\"embed-responsive-item\" allowfullscreen=\"\" src=\"https:\/\/s.videos.globo.com\/p3\/amp\/index.html?videosids=12711670\"><\/iframe><\/p>\n<p>Aos 45 min do 2\u00ba tempo \u2013 gol de dentro da \u00e1rea de Alan Minda do Equador contra o Jamaica<\/p>\n<p><\/center><\/p>\n<p>O Vasco tem interesse na contrata\u00e7\u00e3o de Alan Minda, atacante da sele\u00e7\u00e3o equatoriana e do Cercle Brugge, da B\u00e9lgica. O clube sondou a situa\u00e7\u00e3o do jogador, que tem a possibilidade de deixar o clube na janela de transfer\u00eancias do ver\u00e3o europeu.\n<\/p>\n<p>A dire\u00e7\u00e3o do Vasco entende que Alan Minda tem o perfil que o clube busca no mercado: um atacante de velocidade, com drible e que atue pelos lados do campo. O jogador faz parte de uma lista de jogadores que o diretor Admar Lopes mapeou no mercado. Andr\u00e9s Gomez, atacante colombiano do Rennes, tamb\u00e9m est\u00e1 na lista.\n<\/p>\n<p>Minda \u00e9 frequentemente convocado para a sele\u00e7\u00e3o do Equador. Ele foi titular na partida contra o Brasil, na \u00faltima Data Fifa. O atacante tem dois gols em 14 jogos pela sele\u00e7\u00e3o principal. O interesse no atacante foi publicado primeiramente pelo jornalista Joel Silva, do canal \u201cColina em Foco\u201d, e confirmado pelo ge.\n<\/p>\n<p>Entende-se que um empr\u00e9stimo com op\u00e7\u00e3o de compra seria a maneira mais vi\u00e1vel de chegar a um acordo com o Cercle Brugge..\n<\/p>\n<p>Nas primeiras sondagens com intermedi\u00e1rios, o Vasco ouviu que h\u00e1 a possibilidade de negocia\u00e7\u00e3o, porque o Cercle Brugge, que \u00e9 um clube de meio de tabela na B\u00e9lgica, n\u00e3o vive um bom momento. A equipe lutou contra o rebaixamento e escapou somente no quadrangular final.\n<\/p>\n<p>Minda fez 80 jogos pelo Cercle Brugge nas \u00faltimas duas temporadas europeias. O atacante marcou 11 gols e deu 12 assist\u00eancias. Ele foi revelado pelo Independiente del Valle, do Equador, que ser\u00e1 o advers\u00e1rio do Vasco na fase de playoffs da Copa Sul-Americana. Minda pode fazer as tr\u00eas fun\u00e7\u00f5es do ataque, mas atua preferencialmente pela ponta-direita.\n<\/p>\n<p>O jogador j\u00e1 foi alvo de sondagens de v\u00e1rios clubes da S\u00e9rie A. Depois da primeira temporada dele na Europa, o Real Betis, da Espanha, e clubes da Fran\u00e7a tamb\u00e9m demonstraram interesse no atacante, mas o Cercle Brugge n\u00e3o abriu negocia\u00e7\u00f5es porque disputou a Liga Confer\u00eancia da Europa, terceira competi\u00e7\u00e3o em termos de import\u00e2ncia no Velho Continente.\n<\/p>\n<p>Fonte: ge<\/p>\n<\/div>\n<p><script async defer crossorigin=\"anonymous\" src=\"https:\/\/connect.facebook.net\/pt_BR\/sdk.js#xfbml=1&amp;version=v12.0&amp;appId=114327694422&amp;autoLogAppEvents=1\" nonce=\"4kp7RAsD\"><\/script><\/p>\n","protected":false},"excerpt":{"rendered":"<p>Vasco recebeu sinaliza\u00e7\u00e3o positiva para negociar a contrata\u00e7\u00e3o do atacante Alan Minda Aos 45 min do 2\u00ba tempo \u2013 gol<\/p>\n","protected":false},"author":1,"featured_media":0,"comment_status":"","ping_status":"","sticky":false,"template":"","format":"standard","meta":{"colormag_page_container_layout":"default_layout","colormag_page_sidebar_layout":"default_layout","footnotes":""},"categories":[1],"tags":[],"class_list":["post-55092","post","type-post","status-publish","format-standard","hentry","category-sem-categoria"],"_links":{"self":[{"href":"https:\/\/euvivoaselecao.com.br\/index.php\/wp-json\/wp\/v2\/posts\/55092","targetHints":{"allow":["GET"]}}],"collection":[{"href":"https:\/\/euvivoaselecao.com.br\/index.php\/wp-json\/wp\/v2\/posts"}],"about":[{"href":"https:\/\/euvivoaselecao.com.br\/index.php\/wp-json\/wp\/v2\/types\/post"}],"author":[{"embeddable":true,"href":"https:\/\/euvivoaselecao.com.br\/index.php\/wp-json\/wp\/v2\/users\/1"}],"replies":[{"embeddable":true,"href":"https:\/\/euvivoaselecao.com.br\/index.php\/wp-json\/wp\/v2\/comments?post=55092"}],"version-history":[{"count":0,"href":"https:\/\/euvivoaselecao.com.br\/index.php\/wp-json\/wp\/v2\/posts\/55092\/revisions"}],"wp:attachment":[{"href":"https:\/\/euvivoaselecao.com.br\/index.php\/wp-json\/wp\/v2\/media?parent=55092"}],"wp:term":[{"taxonomy":"category","embeddable":true,"href":"https:\/\/euvivoaselecao.com.br\/index.php\/wp-json\/wp\/v2\/categories?post=55092"},{"taxonomy":"post_tag","embeddable":true,"href":"https:\/\/euvivoaselecao.com.br\/index.php\/wp-json\/wp\/v2\/tags?post=55092"}],"curies":[{"name":"wp","href":"https:\/\/api.w.org\/{rel}","templated":true}]}}