{"id":55094,"date":"2025-07-03T10:44:15","date_gmt":"2025-07-03T13:44:15","guid":{"rendered":"https:\/\/euvivoaselecao.com.br\/index.php\/2025\/07\/03\/pedala-sorocaba-acontece-neste-domingo-6-agencia-de-noticias\/"},"modified":"2025-07-03T10:44:15","modified_gmt":"2025-07-03T13:44:15","slug":"pedala-sorocaba-acontece-neste-domingo-6-agencia-de-noticias","status":"publish","type":"post","link":"https:\/\/euvivoaselecao.com.br\/index.php\/2025\/07\/03\/pedala-sorocaba-acontece-neste-domingo-6-agencia-de-noticias\/","title":{"rendered":"\u201cPedala Sorocaba\u201d acontece neste domingo (6) \u2013 Ag\u00eancia de Not\u00edcias"},"content":{"rendered":"<p><\/p>\n<div>\n<p>A Prefeitura de Sorocaba realizar\u00e1, neste domingo (6), o \u201cPedala Sorocaba\u201d 2025. Excepcionalmente nesta edi\u00e7\u00e3o, a concentra\u00e7\u00e3o dos ciclistas est\u00e1 marcada para 8h30, no Parque das \u00c1guas, e a sa\u00edda, \u00e0s 9h. Pessoas de todas as idades ter\u00e3o a oportunidade de aproveitar a manh\u00e3, entre amigos e familiares, e pedalar em diferentes vias da cidade, em um percurso de, aproximadamente, 15 km, ida e volta.<\/p>\n<p>Promovido pela Secretaria de Esporte e Qualidade de Vida (Sequav), com o apoio das secretarias de Governo (Segov), Inclus\u00e3o e Transtorno do Espectro Autista (Sintea), Comunica\u00e7\u00e3o (Secom) e Mobilidade (Semob), mais o suporte da Urbes \u2013 Tr\u00e2nsito e Transportes e do Saae\/Sorocaba, o programa re\u00fane ciclistas e simpatizantes do esporte para um passeio de bicicleta por diferentes pontos da cidade, todo primeiro domingo do m\u00eas.<\/p>\n<p>Partindo do Parque das \u00c1guas, localizado na Avenida Dom Aguirre, os participantes v\u00e3o seguir pela Avenida Juvenal de Campos e Avenida Comendador Pereira In\u00e1cio, chegando at\u00e9 o Trevo da Vida. J\u00e1 o trajeto de retorno ser\u00e1 pela Avenida Comendador Pereira In\u00e1cio, Avenida Juvenal de Campos e Avenida Dom Aguirre, chegando de volta ao Parque das \u00c1guas.<\/p>\n<p>Todos os participantes que utilizarem o sistema Integrabike, da Urbes, podem devolver as bicicletas em qualquer uma das 15 esta\u00e7\u00f5es, ap\u00f3s o t\u00e9rmino do evento, sem cobran\u00e7a pelo tempo extra, podendo completar, de forma tranquila, todo o trajeto do passeio. O tempo normal de empr\u00e9stimo gratuito das bikes \u00e9 de 1 hora.<\/p>\n<p>J\u00e1 os agentes de tr\u00e2nsito da Semob d\u00e3o todo suporte \u00e0 condu\u00e7\u00e3o e sinaliza\u00e7\u00e3o do fluxo ao longo do trajeto. Al\u00e9m disso, o Saae\/Sorocaba fornecer\u00e1 \u00e1gua aos participantes, no ponto de partida e chegada.<\/p>\n<p>\u00c9 recomendado o uso de capacete para participar. Em caso de chuva no hor\u00e1rio do passeio, o mesmo ser\u00e1 automaticamente cancelado para a seguran\u00e7a de todos, at\u00e9 a pr\u00f3xima edi\u00e7\u00e3o.<\/p>\n<\/p><\/div>\n","protected":false},"excerpt":{"rendered":"<p>A Prefeitura de Sorocaba realizar\u00e1, neste domingo (6), o \u201cPedala Sorocaba\u201d 2025. Excepcionalmente nesta edi\u00e7\u00e3o, a concentra\u00e7\u00e3o dos ciclistas est\u00e1<\/p>\n","protected":false},"author":1,"featured_media":0,"comment_status":"","ping_status":"","sticky":false,"template":"","format":"standard","meta":{"colormag_page_container_layout":"default_layout","colormag_page_sidebar_layout":"default_layout","footnotes":""},"categories":[1],"tags":[],"class_list":["post-55094","post","type-post","status-publish","format-standard","hentry","category-sem-categoria"],"_links":{"self":[{"href":"https:\/\/euvivoaselecao.com.br\/index.php\/wp-json\/wp\/v2\/posts\/55094","targetHints":{"allow":["GET"]}}],"collection":[{"href":"https:\/\/euvivoaselecao.com.br\/index.php\/wp-json\/wp\/v2\/posts"}],"about":[{"href":"https:\/\/euvivoaselecao.com.br\/index.php\/wp-json\/wp\/v2\/types\/post"}],"author":[{"embeddable":true,"href":"https:\/\/euvivoaselecao.com.br\/index.php\/wp-json\/wp\/v2\/users\/1"}],"replies":[{"embeddable":true,"href":"https:\/\/euvivoaselecao.com.br\/index.php\/wp-json\/wp\/v2\/comments?post=55094"}],"version-history":[{"count":0,"href":"https:\/\/euvivoaselecao.com.br\/index.php\/wp-json\/wp\/v2\/posts\/55094\/revisions"}],"wp:attachment":[{"href":"https:\/\/euvivoaselecao.com.br\/index.php\/wp-json\/wp\/v2\/media?parent=55094"}],"wp:term":[{"taxonomy":"category","embeddable":true,"href":"https:\/\/euvivoaselecao.com.br\/index.php\/wp-json\/wp\/v2\/categories?post=55094"},{"taxonomy":"post_tag","embeddable":true,"href":"https:\/\/euvivoaselecao.com.br\/index.php\/wp-json\/wp\/v2\/tags?post=55094"}],"curies":[{"name":"wp","href":"https:\/\/api.w.org\/{rel}","templated":true}]}}