{"id":55119,"date":"2025-07-03T15:12:23","date_gmt":"2025-07-03T18:12:23","guid":{"rendered":"https:\/\/euvivoaselecao.com.br\/index.php\/2025\/07\/03\/atacante-do-liverpool-diogo-jota-e-irmao-morrem-em-acidente-na-espanha\/"},"modified":"2025-07-03T15:12:23","modified_gmt":"2025-07-03T18:12:23","slug":"atacante-do-liverpool-diogo-jota-e-irmao-morrem-em-acidente-na-espanha","status":"publish","type":"post","link":"https:\/\/euvivoaselecao.com.br\/index.php\/2025\/07\/03\/atacante-do-liverpool-diogo-jota-e-irmao-morrem-em-acidente-na-espanha\/","title":{"rendered":"Atacante do Liverpool Diogo Jota e irm\u00e3o morrem em acidente na Espanha"},"content":{"rendered":"<p><\/p>\n<div wp_automatic_readability=\"87.937891440501\">\n<p>Um tr\u00e1gico acidente de carro no norte da Espanha vitimou na madrugada desta quinta-feira (3) o atacante Diogo Jota, de 28 anos \u2013 titular da sele\u00e7\u00e3o portuguesa e jogador do Liverpool \u2013 e seu irm\u00e3o Andr\u00e9 Silva, de 25, atleta Penafiel (segunda divis\u00e3o portuguesa). O desastre ocorreu na rodovia federal da Espanha (A-52), pr\u00f3ximo \u00e0 cidade de Zamorra. Segundo informa\u00e7\u00f5es preliminares da pol\u00edcia (Guarda Civil da Espanha) ), h\u00e1 evid\u00eancias de que o jogador perdeu o controle do ve\u00edculo (um modelo Lamborghini) devido ao estouro de um pneu, no momento em que fazia uma ultrapassagem.<\/p>\n<p>O carro saiu da pista e pegou fogo logo em seguida. Os dois atletas morreram no local. Os corpos foram levados para uma unidade forense na cidade de Zamora, onde passar\u00e3o por aut\u00f3psia.<\/p>\n<p>Diogo Jota havia oficializado, no final de junho o casamento com sua companheira de 10 anos, com quem teve tr\u00eas filhos, o \u00faltimo deles \u00e9 ainda um beb\u00ea. Junto com o\u00a0Liverpool, o atacante foi campe\u00e3o da Premier League (Campeonato Ingl\u00eas) na \u00faltima temporada.\u00a0 Antes, atuando pelo time Merseyside, Jota j\u00e1 conquistara \u00a0FA Cup e a League Cup.<\/p>\n<p><strong>Brasil assume Mercosul com proposta de mais integra\u00e7\u00e3o regional<\/strong><\/p>\n<p><strong>Empresa alvo de ataque hacker volta a operar com autoriza\u00e7\u00e3o do BC<\/strong><\/p>\n<p>A morte inesperada dos irm\u00e3os desencadeou uma enxurrada de mensagens consternadas de clubes, jogadores e federa\u00e7\u00f5es de futebol ao redor do mundo. \u00a0A primeira delas da<strong> Federa\u00e7\u00e3o Portuguesa de Futebol (FPF)<\/strong>. Atuando por Portugal, Rodrigo Jota marcou 49 gols e foi campe\u00e3o duas vezes da Liga das Na\u00e7\u00f5es da Uefa, a \u00faltima delas encerrada no in\u00edcio do m\u00eas passado, quando os lusitanos derrotaram os espanh\u00f3is nos p\u00eanaltis.<\/p>\n<blockquote wp_automatic_readability=\"9\">\n<p>\u201cPerdemos dois campe\u00f5es. Suas mortes representam perdas irrepar\u00e1veis para o futebol portugu\u00eas, e faremos tudo o que pudermos para honrar seu legado todos os dias\u201d, publicou a entidade em sua conta no Instagram.<\/p>\n<\/blockquote>\n<p>&gt;&gt; Siga o canal da <strong>Ag\u00eancia Brasil <\/strong>no WhatsApp<\/p>\n<p>O craque portugu\u00eas Cristiano Ronaldo tamb\u00e9m recorreu \u00e0s redes sociais para expressar o luto.<\/p>\n<p><strong>Grupo que ataca vulner\u00e1veis em redes sociais \u00e9 alvo da pol\u00edcia de SP<\/strong><\/p>\n<p><strong>Selic a 15% \u00e9 inadmiss\u00edvel, diz Carlos F\u00e1varo<\/strong><\/p>\n<blockquote wp_automatic_readability=\"13\">\n<p>\u201cN\u00e3o faz sentido. Ainda agora est\u00e1vamos juntos na Sele\u00e7\u00e3o, ainda agora tinhas casado. \u00c0 tua familia, \u00e0 tua mulher e aos teus filhos, envio os meus sentimentos e desejo-lhes toda a for\u00e7a do mundo. Sei que estar\u00e1s sempre com eles. Descansem em Paz, Diogo e Andr\u00e9. Vamos todos sentir a vossa falta\u201d, lamentou CR7.<\/p>\n<\/blockquote>\n<p>O Liverpool, clube defendido por Jota por quase cinco anos, tamb\u00e9m manifestou pesar em publica\u00e7\u00e3o na rede social X. \u00a0Jota anotou 65 gols em 182 partidas pelos Reds<\/p>\n<blockquote wp_automatic_readability=\"7\">\n<p>\u201cO Liverpool Football Club est\u00e1 devastado com o tr\u00e1gico falecimento de Diogo Jota\u201d, afirmou os Reds. \u00a0<\/p>\n<\/blockquote>\n<blockquote class=\"twitter-tweet\" wp_automatic_readability=\"7.1428571428571\">\n<p dir=\"ltr\" lang=\"en\" xml:lang=\"en\">Liverpool Football Club are devastated by the tragic passing of Diogo Jota.<\/p>\n<p>\u2014 Liverpool FC (@LFC) <a href=\"https:\/\/twitter.com\/LFC\/status\/1940703005117980709?ref_src=twsrc%5Etfw\" target=\"_blank\" rel=\"noopener\">July 3, 2025<\/a><\/p>\n<\/blockquote>\n<p>O clube do Porto, cidade onde Jota nasceu, lamentou a morte tr\u00e1gica do atleta, que defendeu o time em 2016. \u00a0Jota come\u00e7ou a carreira profissional em 2014 no time Pa\u00e7os de Ferreira. Em 2017, o atacante portugu\u00eas trocou a \u201cTerrinha\u201d pelo Reino Unido, ao ser transferido para o Wolverhampton Wanderers.<\/p>\n<p>Os clubes brasileiros tamb\u00e9m se valeram das redes sociais para prestar homenagem ao atacante portugu\u00eas, entre eles Corinthians, Santos, Palmeiras, Fluminense, Botafogo e Atl\u00e9tico Mineiro.<\/p>\n<blockquote class=\"twitter-tweet\" wp_automatic_readability=\"13.385269121813\">\n<p dir=\"ltr\" lang=\"pt\" xml:lang=\"pt\">O Sport Club Corinthians Paulista lamenta o falecimento do atacante portugu\u00eas do Liverpool Diogo Jota e de seu irm\u00e3o Andr\u00e9 Silva, jogador do Penafiel de Portugal, ap\u00f3s um acidente de carro na cidade de Zamora, na Espanha.<\/p>\n<p>O Corinthians deseja os mais sinceros sentimentos aos\u2026 <a href=\"https:\/\/t.co\/uQVljYVpTE\">pic.twitter.com\/uQVljYVpTE<\/a><\/p>\n<p>\u2014 Corinthians (@Corinthians) <a href=\"https:\/\/twitter.com\/Corinthians\/status\/1940729913192976772?ref_src=twsrc%5Etfw\" target=\"_blank\" rel=\"noopener\">July 3, 2025<\/a><\/p>\n<\/blockquote>\n<p><strong><em>* Com informa\u00e7\u00f5es da ag\u00eancia Reuters.<\/em><\/strong><\/p>\n<\/div>\n<p><script async src=\"\/\/platform.twitter.com\/widgets.js\" charset=\"utf-8\"><\/script><\/p>\n","protected":false},"excerpt":{"rendered":"<p>Um tr\u00e1gico acidente de carro no norte da Espanha vitimou na madrugada desta quinta-feira (3) o atacante Diogo Jota, de<\/p>\n","protected":false},"author":2,"featured_media":0,"comment_status":"","ping_status":"","sticky":false,"template":"","format":"standard","meta":{"colormag_page_container_layout":"default_layout","colormag_page_sidebar_layout":"default_layout","footnotes":""},"categories":[],"tags":[],"class_list":["post-55119","post","type-post","status-publish","format-standard","hentry"],"_links":{"self":[{"href":"https:\/\/euvivoaselecao.com.br\/index.php\/wp-json\/wp\/v2\/posts\/55119","targetHints":{"allow":["GET"]}}],"collection":[{"href":"https:\/\/euvivoaselecao.com.br\/index.php\/wp-json\/wp\/v2\/posts"}],"about":[{"href":"https:\/\/euvivoaselecao.com.br\/index.php\/wp-json\/wp\/v2\/types\/post"}],"author":[{"embeddable":true,"href":"https:\/\/euvivoaselecao.com.br\/index.php\/wp-json\/wp\/v2\/users\/2"}],"replies":[{"embeddable":true,"href":"https:\/\/euvivoaselecao.com.br\/index.php\/wp-json\/wp\/v2\/comments?post=55119"}],"version-history":[{"count":0,"href":"https:\/\/euvivoaselecao.com.br\/index.php\/wp-json\/wp\/v2\/posts\/55119\/revisions"}],"wp:attachment":[{"href":"https:\/\/euvivoaselecao.com.br\/index.php\/wp-json\/wp\/v2\/media?parent=55119"}],"wp:term":[{"taxonomy":"category","embeddable":true,"href":"https:\/\/euvivoaselecao.com.br\/index.php\/wp-json\/wp\/v2\/categories?post=55119"},{"taxonomy":"post_tag","embeddable":true,"href":"https:\/\/euvivoaselecao.com.br\/index.php\/wp-json\/wp\/v2\/tags?post=55119"}],"curies":[{"name":"wp","href":"https:\/\/api.w.org\/{rel}","templated":true}]}}