{"id":55120,"date":"2025-07-03T15:31:19","date_gmt":"2025-07-03T18:31:19","guid":{"rendered":"https:\/\/euvivoaselecao.com.br\/index.php\/2025\/07\/03\/exposicao-a-leveza-do-metal-oficina-dos-sonhos-design-com-metais-e-atracao-gratuita-na-biblioteca-municipal-de-sorocaba\/"},"modified":"2025-07-03T15:31:19","modified_gmt":"2025-07-03T18:31:19","slug":"exposicao-a-leveza-do-metal-oficina-dos-sonhos-design-com-metais-e-atracao-gratuita-na-biblioteca-municipal-de-sorocaba","status":"publish","type":"post","link":"https:\/\/euvivoaselecao.com.br\/index.php\/2025\/07\/03\/exposicao-a-leveza-do-metal-oficina-dos-sonhos-design-com-metais-e-atracao-gratuita-na-biblioteca-municipal-de-sorocaba\/","title":{"rendered":"Exposi\u00e7\u00e3o \u201cA Leveza do Metal \u2013 Oficina dos Sonhos \u2013 Design com Metais\u201d \u00e9 atra\u00e7\u00e3o gratuita na Biblioteca Municipal de Sorocaba"},"content":{"rendered":"<p><\/p>\n<div>\n<p>Os sorocabanos poder\u00e3o visitar, a partir desta sexta-feira (4), a exposi\u00e7\u00e3o \u201cA Leveza do Metal \u2013 Oficina dos Sonhos \u2013 Design com Metais\u201d, na Biblioteca Municipal \u201cJorge Guilherme Senger\u201d, localizada no Alto da Boa Vista. A atra\u00e7\u00e3o gratuita ficar\u00e1 dispon\u00edvel at\u00e9 o dia 6 de agosto.<\/p>\n<p>Promovida pela Prefeitura de Sorocaba, por meio da Secretaria de Cultura (Secult), em parceria com o Instituto S\u00e3o Paulo de Arte e Cultura, a mostra \u00e9 organizada por Maria Cristina Gliosce Moreira.<\/p>\n<p>A exposi\u00e7\u00e3o re\u00fane cria\u00e7\u00f5es dos alunos do curso da \u00e1rea de soldagem, desenvolvidas durante capacita\u00e7\u00e3o gratuita dos futuros profissionais. As obras autorais foram trabalhadas durante a forma\u00e7\u00e3o da turma, utilizando t\u00e9cnicas como soldagem MIG, TIG e eletrodo revestido.<\/p>\n<p>Como conclus\u00e3o do processo formativo, cada aluno produziu uma pe\u00e7a exclusiva em metal, aplicando os conhecimentos adquiridos em aula. O resultado \u00e9 uma mostra que celebra a express\u00e3o individual, a criatividade e o dom\u00ednio t\u00e9cnico, refletindo o car\u00e1ter coletivo, formativo e art\u00edstico do projeto.<\/p>\n<p>\u201cA Leveza do Metal \u2013 Oficina dos Sonhos \u2013 Design com Metais\u201d poder\u00e1 ser conferida at\u00e9 dia 6 de agosto, de segunda a sexta-feira, das 9h \u00e0s 17h, na Biblioteca Municipal \u201cJorge Guilherme Senger\u201d, que est\u00e1 localizada na Rua Ministro Coqueijo Costa, 180, no Alto da Boa Vista.<\/p>\n<\/p><\/div>\n","protected":false},"excerpt":{"rendered":"<p>Os sorocabanos poder\u00e3o visitar, a partir desta sexta-feira (4), a exposi\u00e7\u00e3o \u201cA Leveza do Metal \u2013 Oficina dos Sonhos \u2013<\/p>\n","protected":false},"author":1,"featured_media":0,"comment_status":"","ping_status":"","sticky":false,"template":"","format":"standard","meta":{"colormag_page_container_layout":"default_layout","colormag_page_sidebar_layout":"default_layout","footnotes":""},"categories":[1],"tags":[],"class_list":["post-55120","post","type-post","status-publish","format-standard","hentry","category-sem-categoria"],"_links":{"self":[{"href":"https:\/\/euvivoaselecao.com.br\/index.php\/wp-json\/wp\/v2\/posts\/55120","targetHints":{"allow":["GET"]}}],"collection":[{"href":"https:\/\/euvivoaselecao.com.br\/index.php\/wp-json\/wp\/v2\/posts"}],"about":[{"href":"https:\/\/euvivoaselecao.com.br\/index.php\/wp-json\/wp\/v2\/types\/post"}],"author":[{"embeddable":true,"href":"https:\/\/euvivoaselecao.com.br\/index.php\/wp-json\/wp\/v2\/users\/1"}],"replies":[{"embeddable":true,"href":"https:\/\/euvivoaselecao.com.br\/index.php\/wp-json\/wp\/v2\/comments?post=55120"}],"version-history":[{"count":0,"href":"https:\/\/euvivoaselecao.com.br\/index.php\/wp-json\/wp\/v2\/posts\/55120\/revisions"}],"wp:attachment":[{"href":"https:\/\/euvivoaselecao.com.br\/index.php\/wp-json\/wp\/v2\/media?parent=55120"}],"wp:term":[{"taxonomy":"category","embeddable":true,"href":"https:\/\/euvivoaselecao.com.br\/index.php\/wp-json\/wp\/v2\/categories?post=55120"},{"taxonomy":"post_tag","embeddable":true,"href":"https:\/\/euvivoaselecao.com.br\/index.php\/wp-json\/wp\/v2\/tags?post=55120"}],"curies":[{"name":"wp","href":"https:\/\/api.w.org\/{rel}","templated":true}]}}