{"id":55162,"date":"2025-07-03T23:36:07","date_gmt":"2025-07-04T02:36:07","guid":{"rendered":"https:\/\/euvivoaselecao.com.br\/index.php\/2025\/07\/03\/lula-e-santiago-pena-conversam-sobre-caso-de-espionagem-da-abin\/"},"modified":"2025-07-03T23:36:07","modified_gmt":"2025-07-04T02:36:07","slug":"lula-e-santiago-pena-conversam-sobre-caso-de-espionagem-da-abin","status":"publish","type":"post","link":"https:\/\/euvivoaselecao.com.br\/index.php\/2025\/07\/03\/lula-e-santiago-pena-conversam-sobre-caso-de-espionagem-da-abin\/","title":{"rendered":"Lula e Santiago Pe\u00f1a conversam sobre caso de espionagem da Abin"},"content":{"rendered":"<p><\/p>\n<div wp_automatic_readability=\"57.970544369873\">\n<p><strong>O presidente Luiz In\u00e1cio Lula da Silva e o presidente do Paraguai, Santiago Pe\u00f1a, conversaram nesta quinta-feira (3) sobre as investiga\u00e7\u00f5es que apuram a\u00e7\u00f5es de uma opera\u00e7\u00e3o de intelig\u00eancia promovida pela Ag\u00eancia Brasileira de Intelig\u00eancia (Abin) <\/strong>para a obten\u00e7\u00e3o de informa\u00e7\u00f5es sigilosas de autoridades paraguaias envolvidas em negocia\u00e7\u00f5es sobre a usina de Itaipu, de propriedade binacional.<\/p>\n<p>O caso, que come\u00e7ou ainda no governo do ex-presidente Jair Bolsonaro, mas foi revelado em abril, acabou abalando a rela\u00e7\u00e3o bilateral\u00a0e congelando, por decis\u00e3o paraguaia, as conversas sobre o Anexo C de Itaipu, que trata dos valores da energia excedente da usina.<\/p>\n<p>O caso de espionagem ilegal est\u00e1 sob investiga\u00e7\u00e3o da Pol\u00edcia Federal.\u00a0<\/p>\n<p><strong>MP denuncia tenente-coronel por invas\u00e3o de domic\u00edlio e constrangimento<\/strong><\/p>\n<p><strong>Haddad elogia retirada do ressarcimento do INSS do arcabou\u00e7o fiscal<\/strong><\/p>\n<p><strong>Apesar da crise, Lula e Pe\u00f1a anunciaram a retomada das conversas sobre Itaipu.\u00a0<\/strong><\/p>\n<blockquote wp_automatic_readability=\"12\">\n<p>\u201cE como corresponde a pa\u00edses irm\u00e3os, manifestei minha preocupa\u00e7\u00e3o pelo caso de espionagem e solicitei a vontade plena das autoridades brasileiras para esclarecimentos dos fatos\u201d, escreveu o l\u00edder paraguaio em postagem ap\u00f3s a reuni\u00e3o bilateral. O encontro ocorreu na Resid\u00eancia da Embaixada brasileira em Buenos Aires, na Argentina, pouco antes dos dois presidentes participarem da 66\u00aa C\u00fapula do Mercosul.<\/p>\n<\/blockquote>\n<p>\u201cTamb\u00e9m conversamos a respeito das investiga\u00e7\u00f5es sobre as atividades da Abin no Paraguai, quando reiteramos o respeito e o di\u00e1logo como princ\u00edpios fundamentais da rela\u00e7\u00e3o entre nossos dois pa\u00edses. Decidimos retomar a revis\u00e3o do Anexo C do Tratado de Itaipu, que estabelece as condi\u00e7\u00f5es de partilha da energia excedente gerada pela empresa\u201d, destacou Lula em manifesta\u00e7\u00e3o sobre o encontro.<\/p>\n<p><strong>Lula tamb\u00e9m disse ter aceitado convite para visitar o Paraguai e convidou o presidente Pe\u00f1a a tamb\u00e9m realizar visita ao Brasil. <\/strong><\/p>\n<p><strong>INSS: mais de 2 milh\u00f5es de aposentados est\u00e3o aptos a ser ressarcidos<\/strong><\/p>\n<p><strong>Saiu o resultado; delegado se pronuncia sobre o sangue feminino encontrado no carro de Adalberto<\/strong><\/p>\n<p>Os dois ainda discutiram outros temas da agenda bilateral, como as obras de infraestrutura para ampliar a conectividade entre os pa\u00edses, que inclui a Ponte da Integra\u00e7\u00e3o, cujas obras de acesso do lado brasileiro j\u00e1 atingiram quase 80% de execu\u00e7\u00e3o e devem ser conclu\u00eddas em dezembro.<\/p>\n<p>E falaram sobre o Corredor Bioce\u00e2nico, uma mega obra de infraestrutura para conectar redes de liga\u00e7\u00e3o vi\u00e1ria ligando o\u00a0 Oceano Atl\u00e2ntico ao Oceano Pac\u00edfico atrav\u00e9s do continente sul-americano, passando por Brasil, Paraguai, Argentina e Chile.<\/p>\n<\/div>\n","protected":false},"excerpt":{"rendered":"<p>O presidente Luiz In\u00e1cio Lula da Silva e o presidente do Paraguai, Santiago Pe\u00f1a, conversaram nesta quinta-feira (3) sobre as<\/p>\n","protected":false},"author":2,"featured_media":0,"comment_status":"","ping_status":"","sticky":false,"template":"","format":"standard","meta":{"colormag_page_container_layout":"default_layout","colormag_page_sidebar_layout":"default_layout","footnotes":""},"categories":[],"tags":[],"class_list":["post-55162","post","type-post","status-publish","format-standard","hentry"],"_links":{"self":[{"href":"https:\/\/euvivoaselecao.com.br\/index.php\/wp-json\/wp\/v2\/posts\/55162","targetHints":{"allow":["GET"]}}],"collection":[{"href":"https:\/\/euvivoaselecao.com.br\/index.php\/wp-json\/wp\/v2\/posts"}],"about":[{"href":"https:\/\/euvivoaselecao.com.br\/index.php\/wp-json\/wp\/v2\/types\/post"}],"author":[{"embeddable":true,"href":"https:\/\/euvivoaselecao.com.br\/index.php\/wp-json\/wp\/v2\/users\/2"}],"replies":[{"embeddable":true,"href":"https:\/\/euvivoaselecao.com.br\/index.php\/wp-json\/wp\/v2\/comments?post=55162"}],"version-history":[{"count":0,"href":"https:\/\/euvivoaselecao.com.br\/index.php\/wp-json\/wp\/v2\/posts\/55162\/revisions"}],"wp:attachment":[{"href":"https:\/\/euvivoaselecao.com.br\/index.php\/wp-json\/wp\/v2\/media?parent=55162"}],"wp:term":[{"taxonomy":"category","embeddable":true,"href":"https:\/\/euvivoaselecao.com.br\/index.php\/wp-json\/wp\/v2\/categories?post=55162"},{"taxonomy":"post_tag","embeddable":true,"href":"https:\/\/euvivoaselecao.com.br\/index.php\/wp-json\/wp\/v2\/tags?post=55162"}],"curies":[{"name":"wp","href":"https:\/\/api.w.org\/{rel}","templated":true}]}}