{"id":55164,"date":"2025-07-04T00:15:59","date_gmt":"2025-07-04T03:15:59","guid":{"rendered":"https:\/\/euvivoaselecao.com.br\/index.php\/2025\/07\/04\/campus-sao-paulo-sedia-etapa-final-da-caravana-das-juventudes-ifsp\/"},"modified":"2025-07-04T00:15:59","modified_gmt":"2025-07-04T03:15:59","slug":"campus-sao-paulo-sedia-etapa-final-da-caravana-das-juventudes-ifsp","status":"publish","type":"post","link":"https:\/\/euvivoaselecao.com.br\/index.php\/2025\/07\/04\/campus-sao-paulo-sedia-etapa-final-da-caravana-das-juventudes-ifsp\/","title":{"rendered":"Campus S\u00e3o Paulo sedia etapa final da Caravana das Juventudes &#8211; IFSP"},"content":{"rendered":"<p><\/p>\n<div>\n<div class=\"subtitle\">\n<p><span data-contrast=\"auto\">Evento celebra os 20 anos da Pol\u00edtica Nacional de Juventude e marca mobiliza\u00e7\u00e3o nacional com a\u00e7\u00f5es voltadas \u00e0s juventudes<\/span><span data-ccp-props=\"{}\">\u00a0<\/span><\/p>\n<\/div>\n<p><!-- fim .content-header-options-1 --><\/p>\n<p><span data-contrast=\"auto\"><\/span><\/p>\n<p><span data-contrast=\"auto\">O Campus S\u00e3o Paulo\u00a0sediou, nesta quinta-feira (3), a etapa final da Caravana das Juventudes, iniciativa que percorreu 13 estados para comemorar os 20 anos da Pol\u00edtica Nacional de Juventude. Coordenada pela Secretaria-Geral da Presid\u00eancia da Rep\u00fablica, por meio da Secretaria Nacional de Juventude, e em parceria com o Conselho Nacional de Juventude (Conjuve), a a\u00e7\u00e3o contou com o apoio do IFSP em sua passagem pela capital paulista.<\/span><span data-ccp-props=\"{}\">\u00a0<\/span><\/p>\n<p><span data-contrast=\"auto\">O ministro da Secretaria-Geral da Presid\u00eancia da Rep\u00fablica, M\u00e1rcio Macedo, participou do evento e agradeceu \u00e0 comunidade do IFSP pela recep\u00e7\u00e3o. \u201cEstamos encerrando uma jornada de caravanas pelo Brasil, aqui no estado de S\u00e3o Paulo, para discutir temas relacionados \u00e0 juventude, como as pol\u00edticas do P\u00e9-de-Meia, do ID Jovem, do UniParaTodos, da Juventude Negra Viva, e dialogar com os jovens do nosso pa\u00eds sobre os desafios do tempo presente\u201d, afirmou.<\/span><span data-ccp-props=\"{}\">\u00a0<\/span><\/p>\n<p><span data-contrast=\"auto\">Durante o evento, o ministro destacou um marco importante: o programa Identidade Jovem (ID Jovem), que garante benef\u00edcios como meia-entrada em eventos culturais e esportivos, al\u00e9m de vagas gratuitas ou com desconto no transporte interestadual, atingiu a marca de um milh\u00e3o de jovens inscritos.<\/span><span data-ccp-props=\"{}\">\u00a0<\/span><\/p>\n<p><span data-contrast=\"auto\">Representando os movimentos sociais, Gabriela Paulus, presidente da Juventude Socialista Brasileira, refor\u00e7ou a import\u00e2ncia do protagonismo juvenil nas discuss\u00f5es. \u201cEstamos aqui para somar, construir coletivamente, debater e entender as necessidades dos jovens secundaristas e universit\u00e1rios\u201d, pontuou.<\/span><span data-ccp-props=\"{}\">\u00a0<\/span><\/p>\n<p><span data-contrast=\"auto\">Ricardo Agostinho, chefe de gabinete do IFSP, ressaltou o papel estrat\u00e9gico da Pol\u00edtica Nacional de Juventude para o desenvolvimento do pa\u00eds. \u201c\u00c9 uma pol\u00edtica essencial para um Brasil que precisa crescer, desenvolver-se e dar autonomia aos jovens, para que atuem no mundo do trabalho e no conv\u00edvio social, contribuindo para uma na\u00e7\u00e3o mais justa e com perspectivas reais de futuro para a juventude\u201d, disse.<\/span><span data-ccp-props=\"{}\">\u00a0<\/span><\/p>\n<p><span data-contrast=\"auto\">A etapa realizada no IFSP encerrou uma mobiliza\u00e7\u00e3o nacional que passou por todas as regi\u00f5es do pa\u00eds. As edi\u00e7\u00f5es anteriores da Caravana aconteceram nas seguintes cidades: Fortaleza (CE), Macap\u00e1 (AP), Salvador (BA), Bacabal (MA), Curitiba (PR), Marituba (PA), Campo Grande (MS), Patos (PB), Boa Vista (RR), Palmas (TO), Natal (RN), Niter\u00f3i (RJ) e S\u00e3o Paulo (SP).<\/span><span data-ccp-props=\"{}\">\u00a0<\/span><\/p>\n<\/div>\n","protected":false},"excerpt":{"rendered":"<p>Evento celebra os 20 anos da Pol\u00edtica Nacional de Juventude e marca mobiliza\u00e7\u00e3o nacional com a\u00e7\u00f5es voltadas \u00e0s juventudes\u00a0 O<\/p>\n","protected":false},"author":1,"featured_media":0,"comment_status":"","ping_status":"","sticky":false,"template":"","format":"standard","meta":{"colormag_page_container_layout":"default_layout","colormag_page_sidebar_layout":"default_layout","footnotes":""},"categories":[1],"tags":[],"class_list":["post-55164","post","type-post","status-publish","format-standard","hentry","category-sem-categoria"],"_links":{"self":[{"href":"https:\/\/euvivoaselecao.com.br\/index.php\/wp-json\/wp\/v2\/posts\/55164","targetHints":{"allow":["GET"]}}],"collection":[{"href":"https:\/\/euvivoaselecao.com.br\/index.php\/wp-json\/wp\/v2\/posts"}],"about":[{"href":"https:\/\/euvivoaselecao.com.br\/index.php\/wp-json\/wp\/v2\/types\/post"}],"author":[{"embeddable":true,"href":"https:\/\/euvivoaselecao.com.br\/index.php\/wp-json\/wp\/v2\/users\/1"}],"replies":[{"embeddable":true,"href":"https:\/\/euvivoaselecao.com.br\/index.php\/wp-json\/wp\/v2\/comments?post=55164"}],"version-history":[{"count":0,"href":"https:\/\/euvivoaselecao.com.br\/index.php\/wp-json\/wp\/v2\/posts\/55164\/revisions"}],"wp:attachment":[{"href":"https:\/\/euvivoaselecao.com.br\/index.php\/wp-json\/wp\/v2\/media?parent=55164"}],"wp:term":[{"taxonomy":"category","embeddable":true,"href":"https:\/\/euvivoaselecao.com.br\/index.php\/wp-json\/wp\/v2\/categories?post=55164"},{"taxonomy":"post_tag","embeddable":true,"href":"https:\/\/euvivoaselecao.com.br\/index.php\/wp-json\/wp\/v2\/tags?post=55164"}],"curies":[{"name":"wp","href":"https:\/\/api.w.org\/{rel}","templated":true}]}}