{"id":55170,"date":"2025-07-04T01:01:12","date_gmt":"2025-07-04T04:01:12","guid":{"rendered":"https:\/\/euvivoaselecao.com.br\/index.php\/2025\/07\/04\/agencia-minas-gerais-cidades-mineiras-encaminham-adesao-ao-seimg-municipios-sistema-esta-disponivel-para-todas-as-prefeituras\/"},"modified":"2025-07-04T01:01:12","modified_gmt":"2025-07-04T04:01:12","slug":"agencia-minas-gerais-cidades-mineiras-encaminham-adesao-ao-seimg-municipios-sistema-esta-disponivel-para-todas-as-prefeituras","status":"publish","type":"post","link":"https:\/\/euvivoaselecao.com.br\/index.php\/2025\/07\/04\/agencia-minas-gerais-cidades-mineiras-encaminham-adesao-ao-seimg-municipios-sistema-esta-disponivel-para-todas-as-prefeituras\/","title":{"rendered":"Ag\u00eancia Minas Gerais | Cidades mineiras encaminham ades\u00e3o ao SEI!MG Munic\u00edpios; sistema est\u00e1 dispon\u00edvel para todas as prefeituras"},"content":{"rendered":"<p><\/p>\n<div>\n<p>As cidades mineiras de Una\u00ed, Concei\u00e7\u00e3o do Mato Dentro e Rio Doce est\u00e3o em processo de ades\u00e3o ao Sistema Eletr\u00f4nico de Informa\u00e7\u00f5es (SEI!MG) Munic\u00edpios em sua administra\u00e7\u00e3o. Com a contrata\u00e7\u00e3o, os munic\u00edpios v\u00e3o poder contar com uma plataforma moderna para a produ\u00e7\u00e3o e gest\u00e3o de documentos e processos eletr\u00f4nicos.<\/p>\n<p>O sistema, ali\u00e1s, est\u00e1 dispon\u00edvel para todos os munic\u00edpios do estado que tenham interesse. Para aderir ao SEI!MG Munic\u00edpios, a prefeitura solicitante precisa preencher o formul\u00e1rio dispon\u00edvel na\u00a0p\u00e1gina do SEI!MG\u00a0da Secretaria de Estado de Planejamento e Gest\u00e3o (Seplag-MG), no menu &#8220;Informa\u00e7\u00f5es SEI Munic\u00edpios&#8221; ou entrar em contato com a Companhia de Tecnologia da Informa\u00e7\u00e3o do Estado de Minas Gerais (Prodemge) por meio do WhatsApp corporativo (31 984637250).<\/p>\n<p>Ap\u00f3s o envio do formul\u00e1rio, a equipe da gest\u00e3o SEI! entrar\u00e1 em contato com a prefeitura para apresenta\u00e7\u00e3o do projeto. No caso do SEI!MG Munic\u00edpios, a disponibiliza\u00e7\u00e3o do ambiente ocorre em parceria com a Prodemge.<\/p>\n<p>Para contratar o servi\u00e7o, por meio do Governo de Minas, as prefeituras precisam celebrar um contrato com a Prodemge, que prev\u00ea a cobran\u00e7a mensal dos servi\u00e7os de armazenamento dos dados em nuvem e seguran\u00e7a cibern\u00e9tica.<\/p>\n<p><strong>ProPEN<\/strong><\/p>\n<p>O processo de ades\u00e3o ao SEI!MG Munic\u00edpios por Una\u00ed, Concei\u00e7\u00e3o do Mato Dentro e Rio Doce s\u00f3 foi poss\u00edvel com a participa\u00e7\u00e3o do Governo de Minas Gerais no Programa Nacional de Processo Eletr\u00f4nico (ProPEN). O sistema visa \u00e0 redu\u00e7\u00e3o de custos e otimiza\u00e7\u00e3o de processos documentais no Estado, promovendo agilidade na tramita\u00e7\u00e3o, eliminando perdas e extravios e permitindo o compartilhamento de informa\u00e7\u00f5es de forma simult\u00e2nea.<\/p>\n<p>Outras vantagens proporcionadas pela plataforma s\u00e3o a possibilidade de o cidad\u00e3o acompanhar seus processos em tempo real, economia de recursos, transpar\u00eancia, seguran\u00e7a, al\u00e9m da gest\u00e3o digital de documentos, como pedidos de alvar\u00e1s, autoriza\u00e7\u00f5es e licen\u00e7as.<\/p>\n<p><strong>Raio-x<\/strong><\/p>\n<p>Al\u00e9m dos tr\u00eas munic\u00edpios em processo de ades\u00e3o, Tim\u00f3teo, Ribeir\u00e3o da Neves, Te\u00f3filo Otoni e Lavras j\u00e1 implantaram o SEI!MG Munic\u00edpios. Os munic\u00edpios de Nova Lima, Patos de Minas, Sete Lagoas, Pompeu e Coqueiral est\u00e3o com previs\u00e3o de implementar o sistema em breve.<\/p>\n<p>No Estado, o SEI!MG Munic\u00edpios \u00e9 coordenado pela Secretaria de Planejamento e Gest\u00e3o (Seplag-MG), em parceria com a Prodemge, Secretaria de Cultura e Turismo (Secult), Secretaria de Desenvolvimento Econ\u00f4mico (Sede) e Minas Gerais Administra\u00e7\u00e3o e Servi\u00e7os S.A. (MGS).<\/p>\n<\/p><\/div>\n","protected":false},"excerpt":{"rendered":"<p>As cidades mineiras de Una\u00ed, Concei\u00e7\u00e3o do Mato Dentro e Rio Doce est\u00e3o em processo de ades\u00e3o ao Sistema Eletr\u00f4nico<\/p>\n","protected":false},"author":1,"featured_media":0,"comment_status":"","ping_status":"","sticky":false,"template":"","format":"standard","meta":{"colormag_page_container_layout":"default_layout","colormag_page_sidebar_layout":"default_layout","footnotes":""},"categories":[1],"tags":[],"class_list":["post-55170","post","type-post","status-publish","format-standard","hentry","category-sem-categoria"],"_links":{"self":[{"href":"https:\/\/euvivoaselecao.com.br\/index.php\/wp-json\/wp\/v2\/posts\/55170","targetHints":{"allow":["GET"]}}],"collection":[{"href":"https:\/\/euvivoaselecao.com.br\/index.php\/wp-json\/wp\/v2\/posts"}],"about":[{"href":"https:\/\/euvivoaselecao.com.br\/index.php\/wp-json\/wp\/v2\/types\/post"}],"author":[{"embeddable":true,"href":"https:\/\/euvivoaselecao.com.br\/index.php\/wp-json\/wp\/v2\/users\/1"}],"replies":[{"embeddable":true,"href":"https:\/\/euvivoaselecao.com.br\/index.php\/wp-json\/wp\/v2\/comments?post=55170"}],"version-history":[{"count":0,"href":"https:\/\/euvivoaselecao.com.br\/index.php\/wp-json\/wp\/v2\/posts\/55170\/revisions"}],"wp:attachment":[{"href":"https:\/\/euvivoaselecao.com.br\/index.php\/wp-json\/wp\/v2\/media?parent=55170"}],"wp:term":[{"taxonomy":"category","embeddable":true,"href":"https:\/\/euvivoaselecao.com.br\/index.php\/wp-json\/wp\/v2\/categories?post=55170"},{"taxonomy":"post_tag","embeddable":true,"href":"https:\/\/euvivoaselecao.com.br\/index.php\/wp-json\/wp\/v2\/tags?post=55170"}],"curies":[{"name":"wp","href":"https:\/\/api.w.org\/{rel}","templated":true}]}}