{"id":55171,"date":"2025-07-04T01:40:11","date_gmt":"2025-07-04T04:40:11","guid":{"rendered":"https:\/\/euvivoaselecao.com.br\/index.php\/2025\/07\/04\/udesc-divulga-listao-de-classificados-no-vestibular-de-inverno-2025-pela-prova-presencial\/"},"modified":"2025-07-04T01:40:11","modified_gmt":"2025-07-04T04:40:11","slug":"udesc-divulga-listao-de-classificados-no-vestibular-de-inverno-2025-pela-prova-presencial","status":"publish","type":"post","link":"https:\/\/euvivoaselecao.com.br\/index.php\/2025\/07\/04\/udesc-divulga-listao-de-classificados-no-vestibular-de-inverno-2025-pela-prova-presencial\/","title":{"rendered":"Udesc divulga list\u00e3o de classificados no Vestibular de Inverno 2025 pela prova presencial"},"content":{"rendered":"<p><\/p>\n<div>\n<p><em>Foto: La\u00eds Moser\/ Udesc<\/em><\/p>\n<p>A Universidade do Estado de Santa Catarina (Udesc) publicou nesta quinta-feira, 3 de julho, a lista dos candidatos classificados no Vestibular de Inverno 2025 por meio da prova presencial. Acesse a rela\u00e7\u00e3o no site:\u00a0<strong>udesc.br\/vestibular\/provapresencial<\/strong>.<\/p>\n<p>Na p\u00e1gina oficial do Vestibular tamb\u00e9m \u00e9 poss\u00edvel conferir a classifica\u00e7\u00e3o geral dos inscritos na prova, que inclui todos os participantes que alcan\u00e7aram a nota m\u00ednima para aprova\u00e7\u00e3o. Os candidatos aprovados que ainda n\u00e3o foram convocados poder\u00e3o ser chamados para matr\u00edcula em chamadas futuras, caso as vagas n\u00e3o tenham sido preenchidas.<\/p>\n<p>A prova presencial do Vestibular de Inverno foi realizada no dia 15 de junho, com 3.619 inscritos para 728 vagas. As provas foram aplicadas nas cidades de Florian\u00f3polis, Balne\u00e1rio Cambori\u00fa, Ca\u00e7ador, Chapec\u00f3, Ibirama, Joinville, Lages, Laguna e S\u00e3o Bento do Sul, e tiveram um \u00edndice de absten\u00e7\u00e3o de 21,59%.<\/p>\n<p>Segundo a Coordenadoria de Vestibulares e Concursos da Udesc (Covest), os cursos mais concorridos pela prova presencial na modalidade de ampla concorr\u00eancia foram: Fisioterapia (Florian\u00f3polis), com 64,11 candidatos por vaga; Educa\u00e7\u00e3o F\u00edsica \u2013 bacharelado (Florian\u00f3polis), com 29 candidatos por vaga; e Medicina Veterin\u00e1ria (Lages), com 27,69 por vaga.<\/p>\n<p>Desde o Vestibular de Ver\u00e3o 2025, todos os candidatos s\u00e3o automaticamente inclu\u00eddos na modalidade de ampla concorr\u00eancia. H\u00e1 tamb\u00e9m a reserva de 35% das vagas de cada curso para o Programa de A\u00e7\u00f5es Afirmativas nas seguintes categorias: escola p\u00fablica, pardos e pretos, e pessoas com defici\u00eancia.<\/p>\n<p><strong>Calend\u00e1rio de matr\u00edculas<\/strong><\/p>\n<p>A matr\u00edcula dos candidatos aprovados em primeira chamada no Vestibular pela prova inicia nesta sexta-feira, 4 de julho. Conforme a Pr\u00f3-reitoria de Ensino (Proen), os candidatos ser\u00e3o convocados por e-mail, devendo tamb\u00e9m acompanhar as publica\u00e7\u00f5es na p\u00e1gina oficial do Vestibular (<strong>udesc.br\/vestibular<\/strong>).<\/p>\n<p>A partir da convoca\u00e7\u00e3o por e-mail, a matr\u00edcula ser\u00e1 realizada em duas etapas. A primeira \u00e9 a do agendamento online, at\u00e9 6 de julho, quando os classificados dever\u00e3o programar a realiza\u00e7\u00e3o da matr\u00edcula presencial.<\/p>\n<p>A segunda etapa ser\u00e1 presencial, realizada de 7 a 9 de julho, momento em que o candidato dever\u00e1 apresentar a documenta\u00e7\u00e3o obrigat\u00f3ria para a matr\u00edcula na secretaria de ensino de gradua\u00e7\u00e3o do curso escolhido.<\/p>\n<p><strong>&gt;&gt;Acesse o cronograma e orienta\u00e7\u00f5es para a matr\u00edcula na p\u00e1gina da Proen<\/strong><\/p>\n<p><strong>Lista de espera<\/strong><\/p>\n<p>Se as vagas n\u00e3o forem preenchidas, os candidatos aprovados em lista de espera ser\u00e3o convocados para matr\u00edcula nas chamadas subsequentes. A convoca\u00e7\u00e3o da 2\u00aa chamada est\u00e1 marcada para ocorrer em 10 de julho.<\/p>\n<p>Os matriculados ingressar\u00e3o no 2\u00ba semestre de 2025, com in\u00edcio das aulas em 4 de agosto.<\/p>\n<p><strong>Processo<\/strong><strong>seletivo pelo hist\u00f3rico<\/strong><\/p>\n<p>Al\u00e9m da prova presencial, o Vestibular de Inverno 2025 da Udesc tamb\u00e9m ofereceu a op\u00e7\u00e3o de ingresso por meio da an\u00e1lise do hist\u00f3rico escolar do ensino m\u00e9dio. Nesta edi\u00e7\u00e3o, 2.826 candidatos se inscreveram para concorrer \u00e0s 365 vagas disponibilizadas nessa modalidade.<\/p>\n<p>A lista dos classificados em primeira chamada pelo hist\u00f3rico escolar foi divulgada nesta segunda-feira, 30. Consulte o resultado e outros conte\u00fados sobre o processo seletivo na p\u00e1gina\u00a0<strong>udesc.br\/vestibular\/processoseletivo<\/strong>.<\/p>\n<p><strong>Mais informa\u00e7\u00f5es<\/strong><\/p>\n<p>Outras informa\u00e7\u00f5es sobre o Vestibular de Inverno 2025 podem ser obtidas na\u00a0<strong>p\u00e1gina oficial<\/strong>\u00a0e com a Covest pelo e-mail\u00a0<strong>vestibular@udesc.br\u00a0<\/strong>ou pelos telefones (48) 3664-7970 e (48) 3664-8092.<\/p>\n<p>Acompanhe tamb\u00e9m as not\u00edcias do vestibular pelo site\u00a0<strong>udesc.br<\/strong>,\u00a0<strong>R\u00e1dio Udesc<\/strong>,\u00a0<strong>Instagram<\/strong>\u00a0e pela newsletter\u00a0<strong>Udesc em Rede<\/strong>.<\/p>\n<p><strong>Assessoria de Comunica\u00e7\u00e3o da Udesc<\/strong><br \/>E-mail: comunicacao@udesc.br<br \/>Telefone: (48) 3664-8010<\/p>\n<\/p><\/div>\n<p><script async src=\"\/\/www.instagram.com\/embed.js\"><\/script><\/p>\n","protected":false},"excerpt":{"rendered":"<p>Foto: La\u00eds Moser\/ Udesc A Universidade do Estado de Santa Catarina (Udesc) publicou nesta quinta-feira, 3 de julho, a lista<\/p>\n","protected":false},"author":1,"featured_media":0,"comment_status":"","ping_status":"","sticky":false,"template":"","format":"standard","meta":{"colormag_page_container_layout":"default_layout","colormag_page_sidebar_layout":"default_layout","footnotes":""},"categories":[1],"tags":[],"class_list":["post-55171","post","type-post","status-publish","format-standard","hentry","category-sem-categoria"],"_links":{"self":[{"href":"https:\/\/euvivoaselecao.com.br\/index.php\/wp-json\/wp\/v2\/posts\/55171","targetHints":{"allow":["GET"]}}],"collection":[{"href":"https:\/\/euvivoaselecao.com.br\/index.php\/wp-json\/wp\/v2\/posts"}],"about":[{"href":"https:\/\/euvivoaselecao.com.br\/index.php\/wp-json\/wp\/v2\/types\/post"}],"author":[{"embeddable":true,"href":"https:\/\/euvivoaselecao.com.br\/index.php\/wp-json\/wp\/v2\/users\/1"}],"replies":[{"embeddable":true,"href":"https:\/\/euvivoaselecao.com.br\/index.php\/wp-json\/wp\/v2\/comments?post=55171"}],"version-history":[{"count":0,"href":"https:\/\/euvivoaselecao.com.br\/index.php\/wp-json\/wp\/v2\/posts\/55171\/revisions"}],"wp:attachment":[{"href":"https:\/\/euvivoaselecao.com.br\/index.php\/wp-json\/wp\/v2\/media?parent=55171"}],"wp:term":[{"taxonomy":"category","embeddable":true,"href":"https:\/\/euvivoaselecao.com.br\/index.php\/wp-json\/wp\/v2\/categories?post=55171"},{"taxonomy":"post_tag","embeddable":true,"href":"https:\/\/euvivoaselecao.com.br\/index.php\/wp-json\/wp\/v2\/tags?post=55171"}],"curies":[{"name":"wp","href":"https:\/\/api.w.org\/{rel}","templated":true}]}}