{"id":55192,"date":"2025-07-04T05:52:04","date_gmt":"2025-07-04T08:52:04","guid":{"rendered":"https:\/\/euvivoaselecao.com.br\/index.php\/2025\/07\/04\/sedhuc-realiza-encontros-da-pre-conferencia-municipal-de-assistencia-social\/"},"modified":"2025-07-04T05:52:04","modified_gmt":"2025-07-04T08:52:04","slug":"sedhuc-realiza-encontros-da-pre-conferencia-municipal-de-assistencia-social","status":"publish","type":"post","link":"https:\/\/euvivoaselecao.com.br\/index.php\/2025\/07\/04\/sedhuc-realiza-encontros-da-pre-conferencia-municipal-de-assistencia-social\/","title":{"rendered":"Sedhuc realiza encontros da Pr\u00e9-confer\u00eancia Municipal de Assist\u00eancia Social"},"content":{"rendered":"<p><\/p>\n<div>\n<p>A Secretaria de Direitos Humanos e Cidadania de Jo\u00e3o Pessoa (Sedhuc) realizou, nesta quinta-feira (3), os encontros da Pr\u00e9-confer\u00eancia Municipal de Assist\u00eancia Social, reunindo profissionais da \u00e1rea e moradores que utilizam os servi\u00e7os ofertados pelos Centros de Refer\u00eancia da Assist\u00eancia Social (Cras). Essa estrat\u00e9gia teve como objetivo ampliar a participa\u00e7\u00e3o popular, facilitando o acesso das pessoas que residem nos territ\u00f3rios atendidos.<\/p>\n<figure class=\"wp-block-gallery has-nested-images columns-default is-cropped wp-block-gallery-1 is-layout-flex wp-block-gallery-is-layout-flex\">\n<figure class=\"wp-block-image size-large\"><\/figure>\n<figure class=\"wp-block-image size-large\"><\/figure>\n<\/figure>\n<p>As pr\u00e9-confer\u00eancias ocorreram de forma descentralizada, em cinco polos: Cras Roger, Ilha do Bispo, Mangabeira, Vale das Palmeiras e na sede da Comunidade Doce M\u00e3e de Deus. \u201cN\u00f3s realizamos a confer\u00eancia em cinco polos, descentralizando e possibilitando maior participa\u00e7\u00e3o da popula\u00e7\u00e3o. O objetivo \u00e9 garantir que os usu\u00e1rios possam contribuir com a constru\u00e7\u00e3o das propostas, sem a necessidade de se deslocarem para locais distantes\u201d, explicou a secret\u00e1ria executiva de Direitos Humanos e Cidadania e atual presidente do Conselho Municipal de Assist\u00eancia Social, Benicleide Silvestre.<\/p>\n<p>Ela tamb\u00e9m visitou os locais onde estavam sendo promovidas as rodas de conversa e refor\u00e7ou a import\u00e2ncia desses momentos. \u201cEstamos neste encontro hoje para trazer \u00e0 discuss\u00e3o, o que \u00e9 a pol\u00edtica da assist\u00eancia, a import\u00e2ncia da confer\u00eancia e de elaborar essas propostas que n\u00f3s levaremos para a Confer\u00eancia Municipal, na pr\u00f3xima semana. O objetivo \u00e9 levar a nossa necessidade enquanto profissionais e usu\u00e1rios do Sistema \u00danico da Assist\u00eancia Social para fortalecer cada vez mais a sua execu\u00e7\u00e3o no nosso munic\u00edpio\u201d, destacou.<\/p>\n<figure class=\"wp-block-gallery has-nested-images columns-default is-cropped wp-block-gallery-2 is-layout-flex wp-block-gallery-is-layout-flex\">\n<figure class=\"wp-block-image size-large\"><\/figure>\n<\/figure>\n<p>Os encontros s\u00e3o tamb\u00e9m espa\u00e7os de forma\u00e7\u00e3o e troca de experi\u00eancias entre os profissionais da \u00e1rea. A assistente social Ar\u00f4nia Jokeberg, que atua h\u00e1 dez anos na pol\u00edtica de assist\u00eancia, falou sobre a import\u00e2ncia de participar ativamente desses processos. \u201c\u00c9 um momento de significar nosso trabalho e reciclar o saber. Discutimos a\u00e7\u00f5es, benef\u00edcios e os pr\u00f3prios desafios dos nossos territ\u00f3rios. Esses encontros s\u00e3o fundamentais para melhorar o atendimento, ampliar a inclus\u00e3o e fortalecer a rede. A assist\u00eancia precisa estar conectada com a sa\u00fade, com a educa\u00e7\u00e3o, com outras pol\u00edticas p\u00fablicas. Trabalhar em rede \u00e9 essencial\u201d, ressaltou.<\/p>\n<p>As discuss\u00f5es nos polos foram organizadas em torno de eixos tem\u00e1ticos que tamb\u00e9m ser\u00e3o debatidos na Confer\u00eancia Municipal marcada para a pr\u00f3xima semana. A participa\u00e7\u00e3o nas pr\u00e9-confer\u00eancias ajuda a construir uma base s\u00f3lida para as delibera\u00e7\u00f5es finais.<\/p>\n<p>A Confer\u00eancia Municipal de Assist\u00eancia Social contar\u00e1 com a participa\u00e7\u00e3o parit\u00e1ria de 50% da sociedade civil e 50% de representantes governamentais, garantindo voz ativa tanto aos usu\u00e1rios quanto aos profissionais da pol\u00edtica de assist\u00eancia.<\/p>\n<figure class=\"wp-block-gallery has-nested-images columns-default is-cropped wp-block-gallery-3 is-layout-flex wp-block-gallery-is-layout-flex\">\n<figure class=\"wp-block-image size-large\"><\/figure>\n<figure class=\"wp-block-image size-large\"><\/figure>\n<\/figure>\n<p><strong>Confer\u00eancia <\/strong>\u2013 Com o tema \u201820 anos do SUAS: constru\u00e7\u00e3o, prote\u00e7\u00e3o social e resist\u00eancia\u2019, a Prefeitura de Jo\u00e3o Pessoa promove, nos dias 9 e 10 de julho, a 15\u00aa Confer\u00eancia Municipal de Assist\u00eancia Social. O evento ser\u00e1 realizado na Federa\u00e7\u00e3o Esp\u00edrita Paraibana, localizada na Avenida General Bento da Gama, n\u00ba 555, no bairro da Torre.<\/p>\n<p>A confer\u00eancia \u00e9 organizada pela Secretaria de Direitos Humanos e Cidadania (Sedhuc), em parceria com o Conselho Municipal de Assist\u00eancia Social (CMAS-JP), e integra o calend\u00e1rio oficial do munic\u00edpio como um espa\u00e7o de escuta, avalia\u00e7\u00e3o e proposi\u00e7\u00e3o de pol\u00edticas p\u00fablicas voltadas \u00e0 \u00e1rea da assist\u00eancia social. O evento reunir\u00e1 usu\u00e1rios, trabalhadores, entidades da sociedade civil, gestores e representantes do poder p\u00fablico.<\/p>\n<\/p><\/div>\n","protected":false},"excerpt":{"rendered":"<p>A Secretaria de Direitos Humanos e Cidadania de Jo\u00e3o Pessoa (Sedhuc) realizou, nesta quinta-feira (3), os encontros da Pr\u00e9-confer\u00eancia Municipal<\/p>\n","protected":false},"author":1,"featured_media":0,"comment_status":"","ping_status":"","sticky":false,"template":"","format":"standard","meta":{"colormag_page_container_layout":"default_layout","colormag_page_sidebar_layout":"default_layout","footnotes":""},"categories":[1],"tags":[],"class_list":["post-55192","post","type-post","status-publish","format-standard","hentry","category-sem-categoria"],"_links":{"self":[{"href":"https:\/\/euvivoaselecao.com.br\/index.php\/wp-json\/wp\/v2\/posts\/55192","targetHints":{"allow":["GET"]}}],"collection":[{"href":"https:\/\/euvivoaselecao.com.br\/index.php\/wp-json\/wp\/v2\/posts"}],"about":[{"href":"https:\/\/euvivoaselecao.com.br\/index.php\/wp-json\/wp\/v2\/types\/post"}],"author":[{"embeddable":true,"href":"https:\/\/euvivoaselecao.com.br\/index.php\/wp-json\/wp\/v2\/users\/1"}],"replies":[{"embeddable":true,"href":"https:\/\/euvivoaselecao.com.br\/index.php\/wp-json\/wp\/v2\/comments?post=55192"}],"version-history":[{"count":0,"href":"https:\/\/euvivoaselecao.com.br\/index.php\/wp-json\/wp\/v2\/posts\/55192\/revisions"}],"wp:attachment":[{"href":"https:\/\/euvivoaselecao.com.br\/index.php\/wp-json\/wp\/v2\/media?parent=55192"}],"wp:term":[{"taxonomy":"category","embeddable":true,"href":"https:\/\/euvivoaselecao.com.br\/index.php\/wp-json\/wp\/v2\/categories?post=55192"},{"taxonomy":"post_tag","embeddable":true,"href":"https:\/\/euvivoaselecao.com.br\/index.php\/wp-json\/wp\/v2\/tags?post=55192"}],"curies":[{"name":"wp","href":"https:\/\/api.w.org\/{rel}","templated":true}]}}