{"id":55193,"date":"2025-07-04T05:53:09","date_gmt":"2025-07-04T08:53:09","guid":{"rendered":"https:\/\/euvivoaselecao.com.br\/index.php\/2025\/07\/04\/subida-de-paulo-ricardo-para-os-profissionais-pode-indicar-saida-de-puma-rodriguez\/"},"modified":"2025-07-04T05:53:09","modified_gmt":"2025-07-04T08:53:09","slug":"subida-de-paulo-ricardo-para-os-profissionais-pode-indicar-saida-de-puma-rodriguez","status":"publish","type":"post","link":"https:\/\/euvivoaselecao.com.br\/index.php\/2025\/07\/04\/subida-de-paulo-ricardo-para-os-profissionais-pode-indicar-saida-de-puma-rodriguez\/","title":{"rendered":"Subida de Paulo Ricardo para os profissionais pode indicar sa\u00edda de Puma Rodr\u00edguez"},"content":{"rendered":"<p><\/p>\n<div>\n<p>Subida de Paulo Ricardo para os profissionais pode indicar sa\u00edda de Puma Rodr\u00edguez<\/p>\n<div>Paulo Ricardo, lateral-direito, ficou de fora do time Sub-20 do Vasco da \u00faltima quarta (02) e isso, na apura\u00e7\u00e3o do jornalista Joel Silva, do canal Colina em Foco, tem uma explica\u00e7\u00e3o.<\/p>\n<p>Puma Rodr\u00edguez est\u00e1 sendo pouco utilizado no Cruzmaltino e j\u00e1 pode assinar um pr\u00e9-contrato. O seu staff busca novos ares para o uruguaio, e entende que para a carreira dele de Sele\u00e7\u00e3o \u00e9 melhor.\n<\/p>\n<p>Puma dificilmente ir\u00e1 ganhar a posi\u00e7\u00e3o, tendo em vista que Paulo Henrique \u00e9 titular e vem muito bem na temporada.\n<\/p>\n<p>Paulo Ricardo ganhou um pouco mais de massa e \u00e9 promissor. A sua \u2018subida\u2019 para os profissionais pode indicar a sa\u00edda do uruguaio.\n<\/p>\n<p>Fonte: Supervasco<\/p>\n<\/div>\n<p><!-- CONTENT END 2 -->\n<\/div>\n<p><script async defer crossorigin=\"anonymous\" src=\"https:\/\/connect.facebook.net\/pt_BR\/sdk.js#xfbml=1&amp;version=v12.0&amp;appId=114327694422&amp;autoLogAppEvents=1\" nonce=\"4kp7RAsD\"><\/script><\/p>\n","protected":false},"excerpt":{"rendered":"<p>Subida de Paulo Ricardo para os profissionais pode indicar sa\u00edda de Puma Rodr\u00edguez Paulo Ricardo, lateral-direito, ficou de fora do<\/p>\n","protected":false},"author":1,"featured_media":0,"comment_status":"","ping_status":"","sticky":false,"template":"","format":"standard","meta":{"colormag_page_container_layout":"default_layout","colormag_page_sidebar_layout":"default_layout","footnotes":""},"categories":[1],"tags":[],"class_list":["post-55193","post","type-post","status-publish","format-standard","hentry","category-sem-categoria"],"_links":{"self":[{"href":"https:\/\/euvivoaselecao.com.br\/index.php\/wp-json\/wp\/v2\/posts\/55193","targetHints":{"allow":["GET"]}}],"collection":[{"href":"https:\/\/euvivoaselecao.com.br\/index.php\/wp-json\/wp\/v2\/posts"}],"about":[{"href":"https:\/\/euvivoaselecao.com.br\/index.php\/wp-json\/wp\/v2\/types\/post"}],"author":[{"embeddable":true,"href":"https:\/\/euvivoaselecao.com.br\/index.php\/wp-json\/wp\/v2\/users\/1"}],"replies":[{"embeddable":true,"href":"https:\/\/euvivoaselecao.com.br\/index.php\/wp-json\/wp\/v2\/comments?post=55193"}],"version-history":[{"count":0,"href":"https:\/\/euvivoaselecao.com.br\/index.php\/wp-json\/wp\/v2\/posts\/55193\/revisions"}],"wp:attachment":[{"href":"https:\/\/euvivoaselecao.com.br\/index.php\/wp-json\/wp\/v2\/media?parent=55193"}],"wp:term":[{"taxonomy":"category","embeddable":true,"href":"https:\/\/euvivoaselecao.com.br\/index.php\/wp-json\/wp\/v2\/categories?post=55193"},{"taxonomy":"post_tag","embeddable":true,"href":"https:\/\/euvivoaselecao.com.br\/index.php\/wp-json\/wp\/v2\/tags?post=55193"}],"curies":[{"name":"wp","href":"https:\/\/api.w.org\/{rel}","templated":true}]}}