{"id":55194,"date":"2025-07-04T05:54:20","date_gmt":"2025-07-04T08:54:20","guid":{"rendered":"https:\/\/euvivoaselecao.com.br\/index.php\/2025\/07\/04\/quem-e-lucas-martins-o-reporter-da-band-que-empurrou-colega-da-record-ao-vivo\/"},"modified":"2025-07-04T05:54:20","modified_gmt":"2025-07-04T08:54:20","slug":"quem-e-lucas-martins-o-reporter-da-band-que-empurrou-colega-da-record-ao-vivo","status":"publish","type":"post","link":"https:\/\/euvivoaselecao.com.br\/index.php\/2025\/07\/04\/quem-e-lucas-martins-o-reporter-da-band-que-empurrou-colega-da-record-ao-vivo\/","title":{"rendered":"Quem \u00e9 Lucas Martins, o rep\u00f3rter da Band que empurrou colega da Record ao vivo?"},"content":{"rendered":"<p><\/p>\n<div wp_automatic_readability=\"616.78799452032\">\n<p><strong>Quem \u00e9 Lucas Martins, o rep\u00f3rter da Band que empurrou colega da Record ao vivo?<\/strong><\/p>\n<p>O jornalista <strong>Lucas Martins<\/strong>, veterano rep\u00f3rter da <strong>Band<\/strong>, voltou aos holofotes nesta quarta-feira (2) ap\u00f3s protagonizar uma cena pol\u00eamica ao vivo que causou grande repercuss\u00e3o nas redes sociais e bastidores do jornalismo. Durante a cobertura de um caso de desaparecimento na regi\u00e3o da Grande S\u00e3o Paulo, Lucas foi flagrado <strong>empurrando a rep\u00f3rter Grace Abdou<\/strong>, da Record TV, durante uma entrada ao vivo.<\/p>\n<p>O v\u00eddeo do momento viralizou nas redes em poucos minutos, sendo amplamente compartilhado e gerando cr\u00edticas ao comportamento do profissional. Internautas apontaram desrespeito, agressividade e at\u00e9 rivalidade entre emissoras na disputa pela melhor posi\u00e7\u00e3o na cobertura dos fatos.<\/p>\n<h3>Pedido de desculpas<\/h3>\n<p>Ap\u00f3s o incidente, Lucas Martins se pronunciou por meio de suas redes sociais e tamb\u00e9m em nota \u00e0 imprensa, pedindo desculpas p\u00fablicas \u00e0 colega:<\/p>\n<p><strong>Corpo de Juliana Marins ser\u00e1 velado e cremado nesta sexta em Niter\u00f3i<\/strong><\/p>\n<p><strong>Brasil tem recorde de turistas estrangeiros no primeiro semestre<\/strong><\/p>\n<blockquote wp_automatic_readability=\"9\">\n<p>\u201cGostaria de pedir desculpas \u00e0 Grace Abdou e a todos os telespectadores que presenciaram aquele momento. Agi no calor da cobertura, mas reconhe\u00e7o que foi inadequado. O jornalismo deve ser pautado pelo respeito, inclusive entre profissionais de diferentes emissoras.\u201d<\/p>\n<\/blockquote>\n<p>A <strong>Band<\/strong>, emissora na qual Lucas trabalha h\u00e1 quase duas d\u00e9cadas, tamb\u00e9m se manifestou. Em nota oficial, o canal lamentou o ocorrido e afirmou que o comportamento do rep\u00f3rter ser\u00e1 apurado internamente. A emissora destacou ainda que a situa\u00e7\u00e3o \u201cn\u00e3o reflete os valores e o compromisso com a \u00e9tica jornal\u00edstica que o grupo preza\u201d.<\/p>\n<h3>Quem \u00e9 Lucas Martins?<\/h3>\n<p>Lucas Martins \u00e9 um dos nomes mais experientes do jornalismo da Band. Atuando h\u00e1 cerca de <strong>20 anos na emissora<\/strong>, ele ganhou destaque cobrindo casos policiais, trag\u00e9dias e ocorr\u00eancias de grande apelo popular, principalmente no programa <strong>\u201cBrasil Urgente\u201d<\/strong>, comandado por Jos\u00e9 Luiz Datena.<\/p>\n<p>Conhecido por seu estilo direto, envolvimento com as reportagens e entradas incisivas ao vivo, Lucas j\u00e1 participou de diversas coberturas de impacto nacional e \u00e9 uma figura bastante reconhecida pelo p\u00fablico da emissora.<\/p>\n<p><strong>MPF oferece den\u00fancia contra acusados de corrup\u00e7\u00e3o<\/strong><\/p>\n<p><strong>Mega-Sena acumula e pr\u00eamio principal vai para R$ 6,5 milh\u00f5es<\/strong><\/p>\n<p>Apesar da longa trajet\u00f3ria profissional, o epis\u00f3dio com Grace Abdou levantou questionamentos sobre limites no trabalho de campo e respeito entre profissionais da imprensa, sobretudo durante coberturas sens\u00edveis, como casos de desaparecimento e viol\u00eancia.<\/p>\n<h3>Repercuss\u00e3o no meio jornal\u00edstico<\/h3>\n<p>Diversos jornalistas e colegas de profiss\u00e3o sa\u00edram em defesa de Grace, repudiando a atitude de Lucas Martins. A <strong>Associa\u00e7\u00e3o Brasileira de Jornalismo Investigativo (Abraji)<\/strong> tamb\u00e9m se manifestou, pedindo mais respeito no ambiente de trabalho e alertando para a necessidade de protocolos de conduta em coberturas compartilhadas entre emissoras.<\/p>\n<p>Ainda n\u00e3o se sabe se haver\u00e1 san\u00e7\u00f5es diretas contra o rep\u00f3rter, mas fontes indicam que ele poder\u00e1 ser temporariamente afastado das reportagens externas enquanto a Band analisa o caso.<\/p>\n<hr>\n<p><strong>Tags<\/strong>: Lucas Martins, Band, Grace Abdou, Record TV, Brasil Urgente, empurr\u00e3o ao vivo, jornalismo brasileiro, pol\u00eamica na TV.<\/p>\n<p><strong>Jogador do Liverpool e da Sele\u00e7\u00e3o de Portugal morre ao lado do irm\u00e3o em tr\u00e1gico acidente: \u2018Saiu da pista\u2026\u2019<\/strong><\/p>\n<p>O mundo do futebol foi surpreendido nesta quinta-feira, 3 de julho de 2025, com a tr\u00e1gica not\u00edcia da morte do atacante portugu\u00eas <strong>Diogo Jota<\/strong>, de 28 anos, que atuava pelo Liverpool e pela Sele\u00e7\u00e3o de Portugal. O atleta faleceu ao lado do irm\u00e3o, <strong>Andr\u00e9 Silva<\/strong>, tamb\u00e9m jogador profissional, em um grave acidente de carro ocorrido na regi\u00e3o de <strong>Zamora<\/strong>, no noroeste da Espanha.<\/p>\n<p>Segundo informa\u00e7\u00f5es preliminares, o ve\u00edculo em que os dois viajavam <strong>saiu da pista em uma rodovia local e capotou<\/strong>, colidindo com uma estrutura de concreto \u00e0 beira da estrada. Equipes de resgate foram acionadas imediatamente, mas os dois irm\u00e3os n\u00e3o resistiram aos ferimentos e morreram no local.<\/p>\n<p>A not\u00edcia abalou profundamente o futebol europeu e mundial. Diogo Jota era um dos nomes mais queridos pelos torcedores do Liverpool, com passagens marcantes tamb\u00e9m pelo Wolverhampton e Porto. Na Sele\u00e7\u00e3o de Portugal, ele vinha sendo presen\u00e7a constante nas convoca\u00e7\u00f5es e havia disputado a Euro 2024 no ano anterior.<\/p>\n<p>O <strong>clube ingl\u00eas Liverpool FC<\/strong> emitiu um comunicado oficial lamentando profundamente a perda de seu jogador:<\/p>\n<blockquote wp_automatic_readability=\"9\">\n<p>\u201cEstamos devastados com a tr\u00e1gica morte de Diogo Jota. Um profissional exemplar, um ser humano incr\u00edvel e um verdadeiro Red. Estendemos nossos sentimentos \u00e0 fam\u00edlia, amigos e f\u00e3s neste momento de dor profunda.\u201d<\/p>\n<\/blockquote>\n<p>A <strong>Federa\u00e7\u00e3o Portuguesa de Futebol (FPF)<\/strong> tamb\u00e9m se pronunciou, decretando luto oficial de tr\u00eas dias no pa\u00eds. Est\u00e1dios portugueses dever\u00e3o realizar um minuto de sil\u00eancio nas pr\u00f3ximas partidas em homenagem aos irm\u00e3os falecidos.<\/p>\n<p><strong>Andr\u00e9 Silva<\/strong>, embora com menor proje\u00e7\u00e3o internacional que o irm\u00e3o, era conhecido nos bastidores do futebol portugu\u00eas e tinha atuado em clubes de divis\u00f5es nacionais e do exterior. Os dois estavam de f\u00e9rias e viajavam juntos quando ocorreu a trag\u00e9dia.<\/p>\n<p>Nas redes sociais, milhares de torcedores, jogadores e personalidades do esporte manifestaram pesar pela perda. Express\u00f5es como \u201cdescanse em paz\u201d, \u201cluto no futebol\u201d e \u201cfor\u00e7a \u00e0 fam\u00edlia\u201d rapidamente se tornaram tend\u00eancia mundial nos trending topics.<\/p>\n<p>O funeral dos irm\u00e3os dever\u00e1 ocorrer nos pr\u00f3ximos dias em <strong>Gondomar<\/strong>, cidade natal da fam\u00edlia, com homenagens p\u00fablicas sendo organizadas por autoridades esportivas e f\u00e3s.<\/p>\n<p>A trag\u00e9dia levanta novamente a preocupa\u00e7\u00e3o com seguran\u00e7a nas estradas europeias, especialmente em trechos rurais como o da regi\u00e3o de Zamora, onde acidentes s\u00e3o frequentes.<\/p>\n<p>A dor pela perda de dois jovens atletas talentosos e carism\u00e1ticos \u00e9 sentida em todo o planeta, marcando mais um triste cap\u00edtulo na hist\u00f3ria do esporte.<\/p>\n<hr>\n<p><strong>Tags<\/strong>: Diogo Jota, Liverpool, Sele\u00e7\u00e3o de Portugal, acidente fatal, futebol europeu, Andr\u00e9 Silva, luto no esporte<\/p>\n<p><strong>Retiro dos Artistas confirma a morte do ator aos 67 anos<\/strong><\/p>\n<p>A classe art\u00edstica brasileira est\u00e1 de luto. Faleceu nesta segunda-feira (30), aos 67 anos, o ator Silvio Pozatto, que estava residindo no Retiro dos Artistas, no Rio de Janeiro, desde 2022. A informa\u00e7\u00e3o foi confirmada pela administra\u00e7\u00e3o da institui\u00e7\u00e3o em nota divulgada ao portal Terra. A causa da morte n\u00e3o foi revelada at\u00e9 o momento.<\/p>\n<p>Silvio Pozatto teve uma trajet\u00f3ria marcante no teatro e na televis\u00e3o, com passagens por novelas e produ\u00e7\u00f5es que marcaram \u00e9poca. Embora n\u00e3o estivesse em evid\u00eancia nos \u00faltimos anos, o ator seguia com o desejo de voltar \u00e0 ativa e voltar aos palcos ou \u00e0 telinha. Amigos pr\u00f3ximos revelaram que esse era um de seus maiores sonhos nos \u00faltimos tempos.<\/p>\n<p>O Retiro dos Artistas, fundado em 1918, \u00e9 conhecido por acolher profissionais da \u00e1rea art\u00edstica que, por diferentes raz\u00f5es, precisam de apoio nos \u00faltimos anos de vida. A institui\u00e7\u00e3o presta assist\u00eancia m\u00e9dica, psicol\u00f3gica e emocional, al\u00e9m de oferecer um ambiente de conviv\u00eancia e dignidade a artistas que contribu\u00edram para a cultura nacional.<\/p>\n<p>Silvio viveu no local por tr\u00eas anos e conquistou o carinho dos demais moradores e da equipe do Retiro. Segundo relatos, era um homem calmo, de fala serena e com hist\u00f3rias que encantavam quem estivesse por perto. Em suas conversas, ele relembrava com orgulho suas participa\u00e7\u00f5es em produ\u00e7\u00f5es da TV Globo nas d\u00e9cadas de 1980 e 1990, al\u00e9m de pe\u00e7as teatrais em que viveu pap\u00e9is intensos e de grande exig\u00eancia dram\u00e1tica.<\/p>\n<p>Colegas de profiss\u00e3o e admiradores do trabalho de Pozatto usaram as redes sociais para prestar homenagens e relembrar momentos marcantes de sua carreira. Entre as publica\u00e7\u00f5es, destacam-se depoimentos emocionados de atrizes e atores que dividiram cena com ele ou conviveram em bastidores. \u201cSilvio era um homem \u00edntegro, de grande sensibilidade. Um artista de verdade\u201d, escreveu uma colega de longa data.<\/p>\n<p>Apesar de n\u00e3o ter alcan\u00e7ado o estrelato de muitos contempor\u00e2neos, Silvio era respeitado por seu talento e dedica\u00e7\u00e3o. Seus pap\u00e9is, embora secund\u00e1rios em muitas produ\u00e7\u00f5es, deixavam marcas pela autenticidade com que eram interpretados. Ele acreditava na for\u00e7a da arte como ferramenta de transforma\u00e7\u00e3o e se dedicou ao of\u00edcio com seriedade e amor.<\/p>\n<p>Durante sua estadia no Retiro dos Artistas, participou de atividades culturais promovidas pela institui\u00e7\u00e3o e chegou a escrever pequenos roteiros teatrais que encenava em eventos internos. Segundo a administra\u00e7\u00e3o, o ator mantinha um esp\u00edrito criativo at\u00e9 seus \u00faltimos dias e sonhava em ver uma nova gera\u00e7\u00e3o de artistas valorizando o teatro brasileiro.<\/p>\n<p>A morte de Silvio Pozatto abre novamente o debate sobre a import\u00e2ncia de pol\u00edticas de apoio e reconhecimento para artistas veteranos no Brasil. Muitos, como ele, contribu\u00edram com d\u00e9cadas de trabalho e enfrentam dificuldades financeiras e de sa\u00fade na velhice. O Retiro dos Artistas, apesar de ser um ref\u00fagio importante, ainda depende de doa\u00e7\u00f5es para manter sua estrutura.<\/p>\n<p>N\u00e3o foram divulgadas informa\u00e7\u00f5es sobre o vel\u00f3rio ou sepultamento at\u00e9 o fechamento deste artigo. Amigos pr\u00f3ximos, no entanto, manifestaram o desejo de realizar uma cerim\u00f4nia \u00edntima no pr\u00f3prio Retiro, como forma de homenagear a mem\u00f3ria do artista.<\/p>\n<p>Silvio Pozatto deixa um legado de dedica\u00e7\u00e3o, talento e amor pela arte. Sua partida comove n\u00e3o apenas os que o conheceram pessoalmente, mas tamb\u00e9m aqueles que se emocionaram com seus personagens. Que sua mem\u00f3ria permane\u00e7a viva nas lembran\u00e7as de quem acompanhou sua carreira e no cora\u00e7\u00e3o dos que amam o teatro e a televis\u00e3o brasileira.<\/p>\n<p><strong>Tags:<\/strong> Silvio Pozatto, Retiro dos Artistas, morte, ator brasileiro, celebridades, cultura nacional,<\/p>\n<p><strong>M\u00e3e de Mar\u00edlia Mendon\u00e7a se manifesta ap\u00f3s perder guarda provis\u00f3ria do neto e p\u00fablico reage: \u2018apela\u00e7\u00e3o\u2019<\/strong><\/p>\n<p>A disputa judicial pela guarda do pequeno L\u00e9o, filho da cantora Mar\u00edlia Mendon\u00e7a e do cantor Murilo Huff, ganhou um novo cap\u00edtulo nesta segunda-feira (30). Em uma audi\u00eancia de concilia\u00e7\u00e3o realizada em Goi\u00e2nia, o juiz respons\u00e1vel pelo caso determinou que a guarda provis\u00f3ria da crian\u00e7a passasse para o pai. A decis\u00e3o gerou grande repercuss\u00e3o nas redes sociais, com milhares de internautas opinando sobre o assunto.<\/p>\n<p>Murilo Huff agora tem a guarda provis\u00f3ria de L\u00e9o, de cinco anos, enquanto o processo segue tramitando na Justi\u00e7a. A decis\u00e3o do juiz, segundo fontes ligadas ao caso, levou em conta o bem-estar da crian\u00e7a, que j\u00e1 passa a maior parte do tempo com o pai. Desde a morte tr\u00e1gica de Mar\u00edlia Mendon\u00e7a, em novembro de 2021, a guarda vinha sendo dividida entre Murilo e Dona Ruth, m\u00e3e da artista.<\/p>\n<p>Logo ap\u00f3s o resultado da audi\u00eancia, Dona Ruth usou as redes sociais para se pronunciar. Sem demonstrar revolta, ela destacou que continuar\u00e1 presente na vida do neto e que sua prioridade sempre foi o bem-estar de L\u00e9o. No entanto, sua fala comoveu os f\u00e3s da cantora, especialmente ao lembrar do v\u00ednculo que construiu com o menino desde que ele nasceu.<\/p>\n<p>\u201cDei todo meu amor, carinho e estrutura para o L\u00e9o. Fui m\u00e3e e av\u00f3. Estarei sempre por perto, independentemente de decis\u00f5es judiciais\u201d, escreveu Dona Ruth em uma publica\u00e7\u00e3o no Instagram. O texto, acompanhado de uma foto ao lado do neto, emocionou muitos seguidores.<\/p>\n<p>Nas redes sociais, o caso dividiu opini\u00f5es. Muitos apoiaram a decis\u00e3o da Justi\u00e7a, afirmando que Murilo Huff tem demonstrado ser um pai respons\u00e1vel e presente. Alguns coment\u00e1rios diziam: \u201cO L\u00e9o precisa crescer ao lado do pai, e Murilo parece ser muito amoroso\u201d, e \u201c\u00c9 o que a Mar\u00edlia gostaria, ele sempre foi bom pai\u201d.<\/p>\n<p>Por outro lado, houve quem visse a mudan\u00e7a como uma injusti\u00e7a com Dona Ruth. Alguns usu\u00e1rios consideraram a decis\u00e3o uma forma de \u201cafastamento emocional\u201d da av\u00f3 que ajudou a criar L\u00e9o desde o nascimento. Frases como \u201capela\u00e7\u00e3o tirar a guarda da av\u00f3 nesse momento\u201d e \u201cela era o maior v\u00ednculo com a Mar\u00edlia\u201d foram repetidas diversas vezes nos coment\u00e1rios.<\/p>\n<p>Especialistas em direito da fam\u00edlia comentaram o caso em programas de televis\u00e3o e nas redes, destacando que a guarda provis\u00f3ria n\u00e3o significa um afastamento definitivo. Segundo a legisla\u00e7\u00e3o brasileira, o que pesa nas decis\u00f5es judiciais \u00e9 sempre o interesse da crian\u00e7a, e o juiz pode modificar a guarda a qualquer momento, de acordo com novas provas ou situa\u00e7\u00f5es.<\/p>\n<p>O advogado de Murilo Huff afirmou \u00e0 imprensa que o cantor quer preservar a tranquilidade de L\u00e9o e manter o menino longe dos holofotes. \u201cMurilo s\u00f3 quer paz para criar o filho, sem disputas p\u00fablicas\u201d, disse o defensor.<\/p>\n<p>J\u00e1 os representantes legais de Dona Ruth n\u00e3o anunciaram se recorrer\u00e3o da decis\u00e3o, mas enfatizaram que o relacionamento com o neto ser\u00e1 mantido de forma afetiva e respeitosa.<\/p>\n<p>A repercuss\u00e3o tamb\u00e9m ganhou for\u00e7a com a circula\u00e7\u00e3o de um v\u00eddeo antigo de Mar\u00edlia Mendon\u00e7a em que ela elogia a m\u00e3e como uma base s\u00f3lida em sua vida e fala sobre como ela cuidava de L\u00e9o. Muitos internautas resgataram o trecho para defender que Dona Ruth tem papel essencial na forma\u00e7\u00e3o do garoto.<\/p>\n<p>Com o desenrolar do caso, o que fica evidente \u00e9 o carinho envolvido dos dois lados. Tanto Murilo Huff quanto Dona Ruth demonstram preocupa\u00e7\u00e3o genu\u00edna com o futuro de L\u00e9o, e o processo segue acompanhado de perto pelos f\u00e3s da cantora, que ainda vivem o luto por sua perda precoce.<\/p>\n<p>O caso deve ter novos desdobramentos nas pr\u00f3ximas semanas, \u00e0 medida que o juiz analisa mais documentos e depoimentos. Enquanto isso, Murilo segue com a guarda provis\u00f3ria, buscando oferecer ao filho uma vida est\u00e1vel e cercada de amor.<\/p>\n<p><strong>Tags:<\/strong> Dona Ruth, Murilo Huff, leo, Mar\u00edlia Mendon\u00e7a, guarda judicial, celebridades, TV Prime<\/p>\n<p><strong>V\u00eddeo antigo de Mar\u00edlia Mendon\u00e7a reacende debate sobre guarda do filho L\u00e9o<\/strong><\/p>\n<p>A disputa judicial pela guarda do pequeno L\u00e9o, filho da cantora Mar\u00edlia Mendon\u00e7a com o cantor Murilo Huff, ganhou um novo cap\u00edtulo nos \u00faltimos dias. Um v\u00eddeo esquecido, datado de 2020, voltou a circular nas redes sociais e tem sido utilizado como argumento por internautas e envolvidos no caso para avaliar a vontade da artista quanto \u00e0 cria\u00e7\u00e3o do filho. A grava\u00e7\u00e3o mostra uma entrevista concedida por Mar\u00edlia ao jornalista Leo Dias, meses antes de sua tr\u00e1gica morte em um acidente a\u00e9reo em novembro de 2021.<\/p>\n<p>Na conversa, Mar\u00edlia falava abertamente sobre a import\u00e2ncia da fam\u00edlia, o papel de sua m\u00e3e, Dona Ruth, em sua vida, e tamb\u00e9m a conviv\u00eancia com Murilo Huff. Com falas emocionadas, a artista ressaltava a confian\u00e7a na m\u00e3e como figura presente e fundamental para o bem-estar do neto. Desde a sua morte, Dona Ruth assumiu temporariamente a guarda de L\u00e9o, enquanto Murilo, pai biol\u00f3gico, tamb\u00e9m pleiteia a responsabilidade total ou compartilhada.<\/p>\n<p>O v\u00eddeo viralizou e provocou rea\u00e7\u00f5es diversas entre os f\u00e3s e a opini\u00e3o p\u00fablica. Muitos argumentam que, por mais que Mar\u00edlia tenha enaltecido a m\u00e3e, ela jamais teria imaginado um cen\u00e1rio em que precisaria deixar uma orienta\u00e7\u00e3o formal sobre a guarda de seu filho. Outros acreditam que a entrevista mostra claramente sua inten\u00e7\u00e3o de que Dona Ruth fosse a figura materna de refer\u00eancia para L\u00e9o, caso algo acontecesse.<\/p>\n<p><strong>Repercuss\u00e3o nas redes e influ\u00eancia no processo<\/strong><\/p>\n<p>A divulga\u00e7\u00e3o da entrevista causou grande impacto emocional nos f\u00e3s da artista. Diversos coment\u00e1rios exaltam a dedica\u00e7\u00e3o da m\u00e3e de Mar\u00edlia \u00e0 neto, ao mesmo tempo em que apontam para a estabilidade emocional e financeira de Murilo Huff como argumentos favor\u00e1veis ao cantor. Murilo, inclusive, j\u00e1 declarou publicamente que mant\u00e9m uma rela\u00e7\u00e3o cordial com Dona Ruth e que busca um desfecho pac\u00edfico para o bem do filho.<\/p>\n<p>Advogados e especialistas em direito de fam\u00edlia alertam que, apesar da como\u00e7\u00e3o p\u00fablica, a decis\u00e3o cabe exclusivamente \u00e0 Justi\u00e7a, que deve considerar o melhor interesse da crian\u00e7a. A entrevista, mesmo n\u00e3o tendo valor legal formal, pode ser avaliada como parte do contexto familiar. A afetividade, o v\u00ednculo di\u00e1rio e a capacidade de prover um ambiente saud\u00e1vel ser\u00e3o pontos cruciais para os magistrados encarregados da senten\u00e7a.<\/p>\n<p><strong>Posi\u00e7\u00f5es p\u00fablicas e o desejo de Mar\u00edlia<\/strong><\/p>\n<p>Embora a cantora n\u00e3o tenha deixado um testamento ou documento oficial expressando sua vontade quanto \u00e0 guarda, muitos f\u00e3s interpretam as palavras dela na entrevista como uma esp\u00e9cie de desejo impl\u00edcito. A artista dizia, com carinho, que sua m\u00e3e era seu \u201cporto seguro\u201d, e que \u201cL\u00e9o teria na av\u00f3 uma segunda m\u00e3e\u201d.<\/p>\n<p>No entanto, Murilo Huff tamb\u00e9m vem demonstrando publicamente seu amor e comprometimento com o filho. Em diversas entrevistas, ele fala com orgulho da paternidade e das tentativas de manter viva a mem\u00f3ria da m\u00e3e de L\u00e9o. O cantor j\u00e1 revelou que nunca se op\u00f4s \u00e0 presen\u00e7a de Dona Ruth na vida do menino, e que o v\u00ednculo afetivo entre av\u00f3 e neto \u00e9 inquestion\u00e1vel.<\/p>\n<p><strong>Futuro da decis\u00e3o judicial<\/strong><\/p>\n<p>Com a repercuss\u00e3o do v\u00eddeo, cresce a expectativa sobre qual ser\u00e1 o entendimento da Justi\u00e7a. A tend\u00eancia, segundo especialistas, \u00e9 que haja uma guarda compartilhada, respeitando tanto a figura paterna quanto o la\u00e7o profundo entre o menino e a av\u00f3. A prioridade, refor\u00e7am os ju\u00edzes e promotores da \u00e1rea, \u00e9 garantir \u00e0 crian\u00e7a estabilidade emocional e continuidade no cuidado, com o menor impacto poss\u00edvel ap\u00f3s a perda precoce da m\u00e3e.<\/p>\n<p>O legado de Mar\u00edlia Mendon\u00e7a segue tocando cora\u00e7\u00f5es e abrindo reflex\u00f5es sobre maternidade, fam\u00edlia e amor incondicional. A lembran\u00e7a de suas palavras em vida, agora resgatadas em v\u00eddeo, s\u00f3 reafirma a intensidade com que a cantora vivia para o filho e para os que amava.<\/p>\n<p>\u00a0<\/p>\n<p>Murilo Huff entra na Justi\u00e7a para ter guarda total do filho com Mar\u00edlia Mendon\u00e7a: entenda o motivo<\/p>\n<p>\u00a0<\/p>\n<p>O cantor Murilo Huff acionou a Justi\u00e7a para solicitar a guarda unilateral do filho L\u00e9o, de 3 anos, fruto de seu relacionamento com a cantora Mar\u00edlia Mendon\u00e7a, que faleceu tragicamente em um acidente a\u00e9reo em 2021. Desde ent\u00e3o, os cuidados com o menino vinham sendo compartilhados entre o pai e a av\u00f3 materna, Ruth Moreira.<\/p>\n<p>\u00a0<\/p>\n<p>Segundo fontes pr\u00f3ximas, a decis\u00e3o de Murilo n\u00e3o tem como objetivo romper v\u00ednculos entre o filho e a av\u00f3, mas sim garantir mais praticidade nas decis\u00f5es do dia a dia. Ele deseja formalizar legalmente o que j\u00e1 acontece na pr\u00e1tica: \u00e9 Murilo quem exerce a maior parte das responsabilidades relacionadas \u00e0 cria\u00e7\u00e3o da crian\u00e7a.<\/p>\n<p>\u00a0<\/p>\n<h3>Motivos por tr\u00e1s da solicita\u00e7\u00e3o<\/h3>\n<p>\u00a0<\/p>\n<p>Embora o processo corra em segredo de Justi\u00e7a, pessoas ligadas ao sertanejo revelaram que o principal motivo seria a necessidade de maior autonomia legal. Atualmente, qualquer decis\u00e3o envolvendo viagens, quest\u00f5es escolares ou cuidados m\u00e9dicos depende de uma autoriza\u00e7\u00e3o conjunta com Ruth Moreira, o que, em alguns casos, pode atrasar procedimentos importantes.<\/p>\n<p>\u00a0<\/p>\n<p>Murilo, que mora em Goi\u00e2nia com o filho, conta com o apoio de sua pr\u00f3pria m\u00e3e na rotina da casa. Segundo essas fontes, o cantor vem buscando garantir estabilidade para L\u00e9o, que j\u00e1 est\u00e1 habituado \u00e0 conviv\u00eancia di\u00e1ria com o pai.<\/p>\n<p>\u00a0<\/p>\n<h3>Rela\u00e7\u00e3o com a av\u00f3 materna continua boa<\/h3>\n<p>\u00a0<\/p>\n<p>Apesar da a\u00e7\u00e3o judicial, Murilo Huff refor\u00e7a que Ruth Moreira continua sendo uma figura importante na vida de L\u00e9o. A inten\u00e7\u00e3o dele, de acordo com pessoas pr\u00f3ximas, \u00e9 preservar essa rela\u00e7\u00e3o familiar e garantir que o menino continue convivendo com a av\u00f3, como sempre aconteceu desde a morte de Mar\u00edlia Mendon\u00e7a.<\/p>\n<p>\u00a0<\/p>\n<p>O pedido de guarda unilateral, portanto, n\u00e3o seria um afastamento, mas uma formaliza\u00e7\u00e3o da estrutura familiar que se consolidou nos \u00faltimos anos. A medida, segundo o cantor, visa proteger o bem-estar da crian\u00e7a e tornar mais eficiente o processo de tomada de decis\u00f5es que envolvem a sua cria\u00e7\u00e3o.<\/p>\n<p>\u00a0<\/p>\n<h3>Fam\u00edlia busca equil\u00edbrio ap\u00f3s perda<\/h3>\n<p>\u00a0<\/p>\n<p>Desde a tr\u00e1gica morte de Mar\u00edlia Mendon\u00e7a, a fam\u00edlia tem se unido para garantir que L\u00e9o tenha uma vida feliz, est\u00e1vel e cercada de carinho. Agora, com o pedido de guarda total, Murilo Huff espera dar mais um passo na dire\u00e7\u00e3o da seguran\u00e7a e bem-estar do filho, respeitando os la\u00e7os afetivos que ele mant\u00e9m com todos ao seu redor.<\/p>\n<p>\u00a0<\/p>\n<p>**Tags:** marilia mendon\u00e7a, Murilo Huff, Ruth Moreira, guarda do filho, celebridades, justi\u00e7a, L\u00e9o Mendon\u00e7a Huff.<\/p>\n<p>\u00a0<\/p>\n<p>\u00a0<\/p>\n<p>No pr\u00f3ximo a completar dois anos desde a tr\u00e1gica morte da renomada cantora Mar\u00edlia Mendon\u00e7a, juntamente com mais quatro membros da tripula\u00e7\u00e3o que estavam a bordo do avi\u00e3o que infelizmente caiu, ceifando todas as vidas a bordo, uma carta psicografada da cantora foi divulgada.<\/p>\n<p>A voz \u00fanica de Mar\u00edlia Mendon\u00e7a, conhecida como a rainha da sofr\u00eancia, deixou saudades em todo o Brasil, e em 5 de novembro de 2021, o pa\u00eds inteiro ficou de luto por essa perda devastadora. O acidente ocorreu quando o avi\u00e3o que transportava a cantora caiu pr\u00f3ximo a uma cachoeira, enquanto ela se dirigia para um show no interior de Minas Gerais.<\/p>\n<p>Nesta sexta-feira, uma sensitiva conhecida como Charline compartilhou uma experi\u00eancia \u00fanica, afirmando ter recebido uma mensagem do al\u00e9m de Mar\u00edlia Mendon\u00e7a. Isso gerou grande surpresa e est\u00e1 causando grande repercuss\u00e3o nas redes sociais.<\/p>\n<p>A sensitiva, que \u00e9 reconhecida nas redes sociais, pediu compreens\u00e3o \u00e0 medida que lia a suposta carta que teria recebido da cantora falecida. Ela descreveu que, ao ler o conte\u00fado, as pessoas e os admiradores de Mar\u00edlia Mendon\u00e7a imaginariam a cantora vestida de branco.<\/p>\n<p>Na carta, Mar\u00edlia menciona o mist\u00e9rio em torno de sua morte e a dificuldade de aceitar seu falecimento prematuro. Ela descreve sua vida ap\u00f3s a morte como uma col\u00f4nia com pessoas boas e expressa amor por sua m\u00e3e, dizendo que est\u00e1 bem e que a vida continua ap\u00f3s a morte.<\/p>\n<p>A carta ainda menciona seu filho e seu futuro sucesso na m\u00fasica, afirmando que ela estar\u00e1 presente para testemunhar seu \u00eaxito. Mar\u00edlia conclui que n\u00e3o existe paz maior do que a paz divina e que, mesmo ap\u00f3s a morte, sua jornada continua, cheia de alegria e risos.<\/p>\n<p>\u201cMuitos boatos sobre a minha morte, algo que at\u00e9 hoje ficou em lacunas, tantos canais que tentaram a comunica\u00e7\u00e3o, por\u00e9m tem todo um processo\u2026 a aceita\u00e7\u00e3o de um desencarne precoce n\u00e3o \u00e9 f\u00e1cil!\u201d, declarava. \u201cHoje\u2026 me vejo em uma col\u00f4nia cheia de pessoas boas, lembro\u2013me muito bem de um filme que assisti e que retratou bem como \u00e9 esse lugar que me encontro! Aprendi tanto, como foi doloroso a aceita\u00e7\u00e3o\u201d, come\u00e7a a carta.<\/p>\n<p>\u201cE hoje tranquila, serena me encontro nos bra\u00e7os dos celestiais\u2026 nem nos meus melhores sonhos terrenos eu saberia. Como \u00e9 aqui onde estou me recuperando\u2026 mas tive permiss\u00e3o de dizer a todos estou bem, a vida n\u00e3o acaba aqui, ela continua\u2026 e eu por vezes\u2026 volto e sussurro no ouvido de minha m\u00e3e, m\u00e3e voc\u00ea \u00e9 forte! M\u00e3e eu te amo\u201d.<\/p>\n<p>\u201cE meu filhinho se prepara, porque teu caminho \u00e9 de luz. Tu ter\u00e1s a minha voz literalmente, ser\u00e1 renomado, um orgulho pra mim. Eu estarei aqui em festa vendo seu sucesso. Eu queria dizer apenas que n\u00e3o h\u00e1 paz maior do que a paz divina\u201d.<\/p>\n<p>\u201cQuando o palco da vida se fechou e me jogaram aquele len\u00e7ol eu achei que tinha acabado\u2026 mas n\u00e3o! Apenas recome\u00e7ou. Mesmo vindo a tona. O que ainda n\u00e3o \u00e9 permitido. Aqui estou feliz, feliz e dando minhas gargalhadas sem pausa\u201d. Termina a carta.<\/p>\n<p><!-- CONTENT END 3 --><\/p><\/div>\n","protected":false},"excerpt":{"rendered":"<p>Quem \u00e9 Lucas Martins, o rep\u00f3rter da Band que empurrou colega da Record ao vivo? O jornalista Lucas Martins, veterano<\/p>\n","protected":false},"author":2,"featured_media":0,"comment_status":"","ping_status":"","sticky":false,"template":"","format":"standard","meta":{"colormag_page_container_layout":"default_layout","colormag_page_sidebar_layout":"default_layout","footnotes":""},"categories":[],"tags":[],"class_list":["post-55194","post","type-post","status-publish","format-standard","hentry"],"_links":{"self":[{"href":"https:\/\/euvivoaselecao.com.br\/index.php\/wp-json\/wp\/v2\/posts\/55194","targetHints":{"allow":["GET"]}}],"collection":[{"href":"https:\/\/euvivoaselecao.com.br\/index.php\/wp-json\/wp\/v2\/posts"}],"about":[{"href":"https:\/\/euvivoaselecao.com.br\/index.php\/wp-json\/wp\/v2\/types\/post"}],"author":[{"embeddable":true,"href":"https:\/\/euvivoaselecao.com.br\/index.php\/wp-json\/wp\/v2\/users\/2"}],"replies":[{"embeddable":true,"href":"https:\/\/euvivoaselecao.com.br\/index.php\/wp-json\/wp\/v2\/comments?post=55194"}],"version-history":[{"count":0,"href":"https:\/\/euvivoaselecao.com.br\/index.php\/wp-json\/wp\/v2\/posts\/55194\/revisions"}],"wp:attachment":[{"href":"https:\/\/euvivoaselecao.com.br\/index.php\/wp-json\/wp\/v2\/media?parent=55194"}],"wp:term":[{"taxonomy":"category","embeddable":true,"href":"https:\/\/euvivoaselecao.com.br\/index.php\/wp-json\/wp\/v2\/categories?post=55194"},{"taxonomy":"post_tag","embeddable":true,"href":"https:\/\/euvivoaselecao.com.br\/index.php\/wp-json\/wp\/v2\/tags?post=55194"}],"curies":[{"name":"wp","href":"https:\/\/api.w.org\/{rel}","templated":true}]}}