{"id":55208,"date":"2025-07-04T09:22:10","date_gmt":"2025-07-04T12:22:10","guid":{"rendered":"https:\/\/euvivoaselecao.com.br\/index.php\/2025\/07\/04\/agencia-minas-gerais-hospital-da-fhemig-e-o-unico-de-minas-a-participar-de-estudo-nacional-para-aumentar-diagnostico-e-tratamento-da-tuberculose-em-criancas\/"},"modified":"2025-07-04T09:22:10","modified_gmt":"2025-07-04T12:22:10","slug":"agencia-minas-gerais-hospital-da-fhemig-e-o-unico-de-minas-a-participar-de-estudo-nacional-para-aumentar-diagnostico-e-tratamento-da-tuberculose-em-criancas","status":"publish","type":"post","link":"https:\/\/euvivoaselecao.com.br\/index.php\/2025\/07\/04\/agencia-minas-gerais-hospital-da-fhemig-e-o-unico-de-minas-a-participar-de-estudo-nacional-para-aumentar-diagnostico-e-tratamento-da-tuberculose-em-criancas\/","title":{"rendered":"Ag\u00eancia Minas Gerais | Hospital da Fhemig \u00e9 o \u00fanico de Minas a participar de estudo nacional para aumentar diagn\u00f3stico e tratamento da tuberculose em crian\u00e7as"},"content":{"rendered":"<p><\/p>\n<div>\n<section class=\"news-related \/ col-md-4 col-lg-3 \/ margin-md-bottom-2 margin-left-1 \/ pull-right \/ hidden-xs hidden-sm\">\n<header>\n<p class=\"text-title-section \/ margin-bottom-1\">Relacionadas<\/p>\n<\/header>\n<p>\t\t\t\t\t\t\t<main><\/p>\n<hr class=\"row margin-md-bottom-2\"\/>\n\t\t\t\t\t\t\t<\/main><br \/>\n\t\t\t\t\t\t<\/section>\n<p>O Hospital Infantil Jo\u00e3o Paulo II (HIJPII), da\u00a0Funda\u00e7\u00e3o Hospitalar do Estado de Minas Gerais (Fhemig),\u00a0\u00e9 o \u00fanico de Minas Gerais e um dos primeiros do pa\u00eds a participar, com 150 amostras, do estudo nacional (TBPed) para diminuir a subnotifica\u00e7\u00e3o e aumentar o tratamento da tuberculose, doen\u00e7a infecciosa que mais mata no mundo, em pacientes pedi\u00e1tricos de at\u00e9 15 anos incompletos.<\/p>\n<p>A participa\u00e7\u00e3o do HIJPII representa 11,6% do total de 1.288 crian\u00e7as hospitalizadas que integram a pesquisa.<\/p>\n<p>\u201c\u00c9 uma amostra grande. S\u00e3o pacientes hospitalares que n\u00e3o tinham diagn\u00f3stico, nem suspeita de tuberculose. Eles estavam internados para tratar infec\u00e7\u00f5es respirat\u00f3rias. Abordamos os pais e pedimos para colher amostras para exames muito espec\u00edficos, que ainda n\u00e3o s\u00e3o usados rotineiramente na pr\u00e1tica cl\u00ednica\u201d, explica a pneumologista e coordenadora do Servi\u00e7o de Alergia e Pneumologia Pedi\u00e1trica do HIJPII, Chalene Guimar\u00e3es Soares Mez\u00eancio.<\/p>\n<p>Ainda segundo a especialista, a detec\u00e7\u00e3o \u00e9 dif\u00edcil porque, em crian\u00e7as, a tuberculose se confunde com infec\u00e7\u00f5es respirat\u00f3rias de repeti\u00e7\u00e3o, principalmente em determinadas \u00e9pocas do ano. Por isso, \u00e9 importante a suspeita: se um paciente adoece com frequ\u00eancia, pode ter essa enfermidade, causada pelo bacilo de Koch.<br \/>&#13;<br \/>\n\u00a0<\/p>\n<table align=\"center\" border=\"0\" cellpadding=\"1\" cellspacing=\"1\" style=\"width: 100%;\">&#13;<\/p>\n<tbody>&#13;<\/p>\n<tr>&#13;<\/p>\n<td colspan=\"5\" style=\"text-align: center; vertical-align: middle;\">&#13;<\/p>\n<p style=\"text-align:center\">\n<p>&#13;\n\t\t\t<\/td>\n<p>&#13;<br \/>\n\t\t<\/tr>\n<p>&#13;<\/p>\n<tr>&#13;<\/p>\n<td style=\"text-align: center; vertical-align: middle;\">\u00a0<\/td>\n<p>&#13;<\/p>\n<td colspan=\"3\" rowspan=\"3\" style=\"text-align: center; vertical-align: middle;\">&#13;<br \/>\n\t\t\t&#13;\n\t\t\t<\/td>\n<p>&#13;<\/p>\n<td style=\"text-align: center; vertical-align: middle;\">\u00a0<\/td>\n<p>&#13;<br \/>\n\t\t<\/tr>\n<p>&#13;<\/p>\n<tr>&#13;<\/p>\n<td style=\"text-align: center; vertical-align: middle;\">\u00a0<\/td>\n<p>&#13;<\/p>\n<td style=\"text-align: center; vertical-align: middle;\">\u00a0<\/td>\n<p>&#13;<br \/>\n\t\t<\/tr>\n<p>&#13;<\/p>\n<tr>&#13;<\/p>\n<td style=\"text-align: center; vertical-align: middle;\">\u00a0<\/td>\n<p>&#13;<\/p>\n<td style=\"text-align: center; vertical-align: middle;\">\u00a0<\/td>\n<p>&#13;<br \/>\n\t\t<\/tr>\n<p>&#13;<\/p>\n<tr>&#13;<\/p>\n<td colspan=\"5\" style=\"text-align: center; vertical-align: middle;\">&#13;<\/p>\n<p style=\"text-align:center\">\n<p>&#13;\n\t\t\t<\/td>\n<p>&#13;<br \/>\n\t\t<\/tr>\n<p>&#13;<br \/>\n\t<\/tbody>\n<p>&#13;<br \/>\n<\/table>\n<p>\u00a0<\/p>\n<p><strong>Tecnologia<\/strong><\/p>\n<p>Iniciada em 2021, a pesquisa ir\u00e1 beneficiar crian\u00e7as e adolescentes de todo o pa\u00eds, e conta com 22 centros participantes em Minas Gerais, Rio Grande do Sul, Santa Catarina, Paran\u00e1, S\u00e3o Paulo, Rio de Janeiro, Bahia, Cear\u00e1 e Manaus. Entre eles est\u00e1 o Centro do HIJPII que incluiu, em fevereiro de 2022, a amostra do seu primeiro paciente hospitalizado.<\/p>\n<p>O recrutamento dos pacientes internados foi encerrado em mar\u00e7o deste ano. A divulga\u00e7\u00e3o dos resultados do estudo est\u00e1 prevista para o ano que vem, mas dados preliminares j\u00e1 revelam que a preval\u00eancia da tuberculose em crian\u00e7as e jovens de at\u00e9 15 anos incompletos \u00e9 maior do que pensavam os pesquisadores.<\/p>\n<p>Ao ingressar no estudo, financiado com recursos do Programa de Apoio ao Desenvolvimento Institucional do Sistema \u00danico de Sa\u00fade (Proadi-SUS) e conduzido pelo Hospital Moinhos de Vento, de Porto Alegre, a unidade da Fhemig recebeu o sistema GeneXpert, aparelho que realiza o teste r\u00e1pido molecular (TRM) para a detec\u00e7\u00e3o do bacilo.<br \/>&#13;<br \/>\n\u00a0<\/p>\n<figure class=\"image\" style=\"float:right\">&#13;<figcaption><sub><em>Francis Campelo \/ Fhemig<\/em><\/sub><\/figcaption>&#13;<br \/>\n<\/figure>\n<p><strong>Rapidez<\/strong><\/p>\n<p>O exame foi incorporado \u00e0 pr\u00e1tica assistencial do HIJPII, com o treinamento da sua equipe de profissionais para a melhor coleta do escarro induzido da crian\u00e7a, por meio da tecnologia do GeneXpert que detecta, em duas horas, a presen\u00e7a do bacilo de Koch e tamb\u00e9m identifica a resist\u00eancia a um dos principais antibi\u00f3ticos usados no tratamento da doen\u00e7a.<\/p>\n<p>A incorpora\u00e7\u00e3o desse conhecimento pelo HIJPII, que \u00e9 o centro de refer\u00eancia em Minas, representa um avan\u00e7o para a sa\u00fade infantil no estado, considerando que essa popula\u00e7\u00e3o tem maior chance de progress\u00e3o do bacilo para as formas ativas da doen\u00e7a, como tamb\u00e9m de funcionar como reservat\u00f3rio, a longo prazo, para o desenvolvimento dessa doen\u00e7a altamente transmiss\u00edvel.<\/p>\n<p>Somente em 2022, foram registrados 81 mil novos casos no pa\u00eds e mais de 10 milh\u00f5es no mundo. Estimativas da Organiza\u00e7\u00e3o Mundial da Sa\u00fade (OMS) apontam que 25% da popula\u00e7\u00e3o mundial pode estar infectada.<\/p>\n<p><strong>Transmiss\u00e3o<\/strong><\/p>\n<p>Transmitida pelo ar, a tuberculose faz com que uma pessoa sem tratamento seja capaz de infectar at\u00e9 outras dez. Desse total, entre 5% e 10% ir\u00e3o desenvolver a doen\u00e7a.<\/p>\n<p>O tratamento \u00e9 gratuito e realizado apenas pelo SUS. Para alcan\u00e7ar a cura \u00e9 necess\u00e1rio segui-lo rigorosamente por seis meses. Se o paciente o abandonar, pode desenvolver a forma resistente da doen\u00e7a, que necessita de um prazo ainda maior para ser curada \u2013 de 18 a 24 meses. Da\u00ed a import\u00e2ncia da detec\u00e7\u00e3o precoce e do in\u00edcio imediato do uso do medicamento.<\/p>\n<\/p><\/div>\n","protected":false},"excerpt":{"rendered":"<p>Relacionadas O Hospital Infantil Jo\u00e3o Paulo II (HIJPII), da\u00a0Funda\u00e7\u00e3o Hospitalar do Estado de Minas Gerais (Fhemig),\u00a0\u00e9 o \u00fanico de Minas<\/p>\n","protected":false},"author":1,"featured_media":0,"comment_status":"","ping_status":"","sticky":false,"template":"","format":"standard","meta":{"colormag_page_container_layout":"default_layout","colormag_page_sidebar_layout":"default_layout","footnotes":""},"categories":[1],"tags":[],"class_list":["post-55208","post","type-post","status-publish","format-standard","hentry","category-sem-categoria"],"_links":{"self":[{"href":"https:\/\/euvivoaselecao.com.br\/index.php\/wp-json\/wp\/v2\/posts\/55208","targetHints":{"allow":["GET"]}}],"collection":[{"href":"https:\/\/euvivoaselecao.com.br\/index.php\/wp-json\/wp\/v2\/posts"}],"about":[{"href":"https:\/\/euvivoaselecao.com.br\/index.php\/wp-json\/wp\/v2\/types\/post"}],"author":[{"embeddable":true,"href":"https:\/\/euvivoaselecao.com.br\/index.php\/wp-json\/wp\/v2\/users\/1"}],"replies":[{"embeddable":true,"href":"https:\/\/euvivoaselecao.com.br\/index.php\/wp-json\/wp\/v2\/comments?post=55208"}],"version-history":[{"count":0,"href":"https:\/\/euvivoaselecao.com.br\/index.php\/wp-json\/wp\/v2\/posts\/55208\/revisions"}],"wp:attachment":[{"href":"https:\/\/euvivoaselecao.com.br\/index.php\/wp-json\/wp\/v2\/media?parent=55208"}],"wp:term":[{"taxonomy":"category","embeddable":true,"href":"https:\/\/euvivoaselecao.com.br\/index.php\/wp-json\/wp\/v2\/categories?post=55208"},{"taxonomy":"post_tag","embeddable":true,"href":"https:\/\/euvivoaselecao.com.br\/index.php\/wp-json\/wp\/v2\/tags?post=55208"}],"curies":[{"name":"wp","href":"https:\/\/api.w.org\/{rel}","templated":true}]}}