{"id":55209,"date":"2025-07-04T09:23:16","date_gmt":"2025-07-04T12:23:16","guid":{"rendered":"https:\/\/euvivoaselecao.com.br\/index.php\/2025\/07\/04\/sub-17-vasco-perde-para-o-fluminense-por-3-a-1-de-virada-no-nivaldo-pereira-pelo-brasileiro\/"},"modified":"2025-07-04T09:23:16","modified_gmt":"2025-07-04T12:23:16","slug":"sub-17-vasco-perde-para-o-fluminense-por-3-a-1-de-virada-no-nivaldo-pereira-pelo-brasileiro","status":"publish","type":"post","link":"https:\/\/euvivoaselecao.com.br\/index.php\/2025\/07\/04\/sub-17-vasco-perde-para-o-fluminense-por-3-a-1-de-virada-no-nivaldo-pereira-pelo-brasileiro\/","title":{"rendered":"Sub-17: Vasco perde para o Fluminense por 3 a 1 de virada no Nivaldo Pereira pelo Brasileiro"},"content":{"rendered":"<p><\/p>\n<p>Sub-17: Vasco perde para o Fluminense por 3 a 1 de virada no Nivaldo Pereira pelo Brasileiro<\/p>\n<div>Vasco Base @vascobase<\/p>\n<p>Fim de jogo.<\/p>\n<p>A equipe sub-17 volta a campo na pr\u00f3xima ter\u00e7a-feira (8), \u00e0s 15h, para enfrentar o Gr\u00eamio, em Eldorado do Sul.\n<\/p>\n<p>#FluxVAS | 3\ufe0f\u20e3-1\ufe0f\u20e3<\/p>\n<p>#BrasileiroSub17<\/p>\n<p>#BaseForte<\/p>\n<p>#VascoDaGama\n<\/p>\n<p>Fonte: X oficial Vasco Base\n<\/p>\n<p><b>Sub-17 \u00e9 superado pelo Fluminense pela 8\u00aa rodada do Brasileiro<\/b>\n<\/p>\n<p>A equipe Sub-17 do Vasco da Gama foi superada pelo Fluminense na tarde desta quinta-feira (3) pelo placar de 3 a 1, em duelo v\u00e1lido pela 8\u00aa rodada do Campeonato Brasileiro da categoria. A partida foi disputada Est\u00e1dio Marcelo Vieira, em Xer\u00e9m. O gol cruzmaltino foi marcado por Emanuel. Com o resultado, o Vasco permanece na 10\u00aa coloca\u00e7\u00e3o da tabela, com 12 pontos somados.\n<\/p>\n<p>O pr\u00f3ximo compromisso da equipe ser\u00e1 fora de casa, na pr\u00f3xima ter\u00e7a-feira (8), \u00e0s 15h, diante do Gr\u00eamio, em Eldorado do Sul.\n<\/p>\n<p>Fonte: Site oficial do Vasco\n<\/p>\n<p><b>Fluminense vira sobre o Vasco e entra no G-8 do Brasileir\u00e3o Sub-17<\/b>\n<\/p>\n<p>No primeiro cl\u00e1ssico que disputou pelo Brasileir\u00e3o Sub-17, o Fluminense derrotou o Vasco, nesta quinta-feira (03\/07), sob chuva, no Est\u00e1dio Marcelo Vieira, em Xer\u00e9m, por 2 a 1. Kassiano, Riquelmy e Jo\u00e3o Pedro marcaram os gols da virada no encerramento da oitava rodada.\n<\/p>\n<p>Com a primeira vit\u00f3ria depois de tr\u00eas jogos na competi\u00e7\u00e3o, o Tricolor ultrapassa o pr\u00f3prio Vasco, d\u00e9cimo colocado com 12 pontos, e vai ao G-8, a zona de classifica\u00e7\u00e3o para as quartas de final. O clube ocupa o s\u00e9timo lugar, somando 13 pontos.\n<\/p>\n<p>A equipe comandada pelo t\u00e9cnico Fernando Ribeiro volta a campo na pr\u00f3xima quarta-feira (09\/07), quando enfrenta o Santos, \u00e0s 15h, no CT Rei Pel\u00e9, pela nona rodada.\n<\/p>\n<p>O JOGO\n<\/p>\n<p>Os Moleques de Xer\u00e9m comandaram as a\u00e7\u00f5es ofensivas do cl\u00e1ssico desde os instantes iniciais, quando Naar\u00e3 Lucas, cobrando falta, obrigou o goleiro a trabalhar. O camisa 10 ainda serviu Riquelmy, que finalizou cruzado, da ponta da \u00e1rea, rente \u00e0 trave esquerda, e voltou a finalizar para defesa do arqueiro, desta vez da meia-lua e com desvio no meio do caminho.\n<\/p>\n<p>Lan\u00e7ados por Paulinho para cabeceio, Miguel Henrique tirou tinta da trave esquerda, enquanto Sonny Anderson mandou nas m\u00e3os do goleiro. O meia voltou a dar trabalho ao arqueiro ao arriscar chute de longe.\n<\/p>\n<p>Aos 36 minutos, Ruan, de falta, parou novamente no goleiro, at\u00e9 que, no instante seguinte, o Vasco abriu o placar. Paulinho respondeu com arremate de longa dist\u00e2ncia sobre a meta, mas o empate veio aos dez minutos do segundo tempo. Ap\u00f3s cobran\u00e7a de escanteio de Ruan, Kassiano cabeceou firme para estufar a rede. O rival, em resposta, esbarrou mais de uma vez em Zafir.\n<\/p>\n<p>Sonny Anderson fez gol impedido e Arthur Ryan encheu o p\u00e9 contra o goleiro, depois de Riquelmy ter quase marcado um gola\u00e7o. O atacante acertou a mira aos 22 minutos, quando, servido por Max, chutou cruzado na sa\u00edda do arqueiro, no canto esquerdo. Nos acr\u00e9scimos, em contra-ataque puxado por F\u00e1bio Jos\u00e9, Jo\u00e3o Pedro, cara a cara, selou a vit\u00f3ria.\n<\/p>\n<p>Fonte: Site oficial do Fluminense<\/p>\n<\/div>\n<p><script async defer crossorigin=\"anonymous\" src=\"https:\/\/connect.facebook.net\/pt_BR\/sdk.js#xfbml=1&amp;version=v12.0&amp;appId=114327694422&amp;autoLogAppEvents=1\" nonce=\"4kp7RAsD\"><\/script><\/p>\n","protected":false},"excerpt":{"rendered":"<p>Sub-17: Vasco perde para o Fluminense por 3 a 1 de virada no Nivaldo Pereira pelo Brasileiro Vasco Base @vascobase<\/p>\n","protected":false},"author":1,"featured_media":0,"comment_status":"","ping_status":"","sticky":false,"template":"","format":"standard","meta":{"colormag_page_container_layout":"default_layout","colormag_page_sidebar_layout":"default_layout","footnotes":""},"categories":[1],"tags":[],"class_list":["post-55209","post","type-post","status-publish","format-standard","hentry","category-sem-categoria"],"_links":{"self":[{"href":"https:\/\/euvivoaselecao.com.br\/index.php\/wp-json\/wp\/v2\/posts\/55209","targetHints":{"allow":["GET"]}}],"collection":[{"href":"https:\/\/euvivoaselecao.com.br\/index.php\/wp-json\/wp\/v2\/posts"}],"about":[{"href":"https:\/\/euvivoaselecao.com.br\/index.php\/wp-json\/wp\/v2\/types\/post"}],"author":[{"embeddable":true,"href":"https:\/\/euvivoaselecao.com.br\/index.php\/wp-json\/wp\/v2\/users\/1"}],"replies":[{"embeddable":true,"href":"https:\/\/euvivoaselecao.com.br\/index.php\/wp-json\/wp\/v2\/comments?post=55209"}],"version-history":[{"count":0,"href":"https:\/\/euvivoaselecao.com.br\/index.php\/wp-json\/wp\/v2\/posts\/55209\/revisions"}],"wp:attachment":[{"href":"https:\/\/euvivoaselecao.com.br\/index.php\/wp-json\/wp\/v2\/media?parent=55209"}],"wp:term":[{"taxonomy":"category","embeddable":true,"href":"https:\/\/euvivoaselecao.com.br\/index.php\/wp-json\/wp\/v2\/categories?post=55209"},{"taxonomy":"post_tag","embeddable":true,"href":"https:\/\/euvivoaselecao.com.br\/index.php\/wp-json\/wp\/v2\/tags?post=55209"}],"curies":[{"name":"wp","href":"https:\/\/api.w.org\/{rel}","templated":true}]}}