{"id":55218,"date":"2025-07-04T11:16:05","date_gmt":"2025-07-04T14:16:05","guid":{"rendered":"https:\/\/euvivoaselecao.com.br\/index.php\/2025\/07\/04\/inscricoes-abertas-para-o-i-ceu-das-artes-open-de-volei-de-praia-agencia-de-noticias\/"},"modified":"2025-07-04T11:16:05","modified_gmt":"2025-07-04T14:16:05","slug":"inscricoes-abertas-para-o-i-ceu-das-artes-open-de-volei-de-praia-agencia-de-noticias","status":"publish","type":"post","link":"https:\/\/euvivoaselecao.com.br\/index.php\/2025\/07\/04\/inscricoes-abertas-para-o-i-ceu-das-artes-open-de-volei-de-praia-agencia-de-noticias\/","title":{"rendered":"Inscri\u00e7\u00f5es abertas para o I CEU das Artes Open de V\u00f4lei de Praia \u2013 Ag\u00eancia de Not\u00edcias"},"content":{"rendered":"<p><\/p>\n<div>\n<p>Sorocaba ter\u00e1, nos dias 20 e 27 de julho, o I CEU das Artes Open de V\u00f4lei de Praia, um torneio de duplas, com disputas no Feminino e no Masculino, a partir das 8h30, no Centro de Artes e Esportes Unificados (CEU das Artes) \u201cProf. Fl\u00e1vio Vespasiano Di Giorgi\u201d, no Parque das Laranjeiras, voltado a pessoas a partir de 16 anos. As inscri\u00e7\u00f5es, gratuitas, podem ser feitas at\u00e9 as 17h do dia 18 de julho, pelo link: https:\/\/tinyurl.com\/voleidepraia-ceudasartes.<\/p>\n<p>Organizado pela Prefeitura de Sorocaba, por meio da Secretaria de Esporte e Qualidade de Vida (Sequav), com apoio da Secretaria da Cultura (Secult), o torneio tem como objetivo estimular a pr\u00e1tica esportiva, a integra\u00e7\u00e3o social e a ocupa\u00e7\u00e3o saud\u00e1vel dos espa\u00e7os p\u00fablicos.<\/p>\n<p>A competi\u00e7\u00e3o premiar\u00e1 as melhores duplas, no Feminino e no Masculino, com trof\u00e9us para os dois primeiros colocados, al\u00e9m de medalhas para os quatro primeiros colocados.<\/p>\n<p>No dia do torneio, todos os participantes dever\u00e3o apresentar um documento de identidade original. O CEU das Artes est\u00e1 localizado na Rua Washington Pensa, 969, no Parque das Laranjeiras. Mais informa\u00e7\u00f5es, de segunda a sexta-feira, das 8h \u00e0s 17h, pelo WhatsApp: (15) 99705-6713.<\/p>\n<\/p><\/div>\n","protected":false},"excerpt":{"rendered":"<p>Sorocaba ter\u00e1, nos dias 20 e 27 de julho, o I CEU das Artes Open de V\u00f4lei de Praia, um<\/p>\n","protected":false},"author":1,"featured_media":0,"comment_status":"","ping_status":"","sticky":false,"template":"","format":"standard","meta":{"colormag_page_container_layout":"default_layout","colormag_page_sidebar_layout":"default_layout","footnotes":""},"categories":[1],"tags":[],"class_list":["post-55218","post","type-post","status-publish","format-standard","hentry","category-sem-categoria"],"_links":{"self":[{"href":"https:\/\/euvivoaselecao.com.br\/index.php\/wp-json\/wp\/v2\/posts\/55218","targetHints":{"allow":["GET"]}}],"collection":[{"href":"https:\/\/euvivoaselecao.com.br\/index.php\/wp-json\/wp\/v2\/posts"}],"about":[{"href":"https:\/\/euvivoaselecao.com.br\/index.php\/wp-json\/wp\/v2\/types\/post"}],"author":[{"embeddable":true,"href":"https:\/\/euvivoaselecao.com.br\/index.php\/wp-json\/wp\/v2\/users\/1"}],"replies":[{"embeddable":true,"href":"https:\/\/euvivoaselecao.com.br\/index.php\/wp-json\/wp\/v2\/comments?post=55218"}],"version-history":[{"count":0,"href":"https:\/\/euvivoaselecao.com.br\/index.php\/wp-json\/wp\/v2\/posts\/55218\/revisions"}],"wp:attachment":[{"href":"https:\/\/euvivoaselecao.com.br\/index.php\/wp-json\/wp\/v2\/media?parent=55218"}],"wp:term":[{"taxonomy":"category","embeddable":true,"href":"https:\/\/euvivoaselecao.com.br\/index.php\/wp-json\/wp\/v2\/categories?post=55218"},{"taxonomy":"post_tag","embeddable":true,"href":"https:\/\/euvivoaselecao.com.br\/index.php\/wp-json\/wp\/v2\/tags?post=55218"}],"curies":[{"name":"wp","href":"https:\/\/api.w.org\/{rel}","templated":true}]}}