{"id":55220,"date":"2025-07-04T11:29:25","date_gmt":"2025-07-04T14:29:25","guid":{"rendered":"https:\/\/euvivoaselecao.com.br\/index.php\/2025\/07\/04\/rennes-aceita-emprestar-andres-gomez-ao-vasco-por-1-milhao-de-euros-por-1-ano\/"},"modified":"2025-07-04T11:29:25","modified_gmt":"2025-07-04T14:29:25","slug":"rennes-aceita-emprestar-andres-gomez-ao-vasco-por-1-milhao-de-euros-por-1-ano","status":"publish","type":"post","link":"https:\/\/euvivoaselecao.com.br\/index.php\/2025\/07\/04\/rennes-aceita-emprestar-andres-gomez-ao-vasco-por-1-milhao-de-euros-por-1-ano\/","title":{"rendered":"Rennes aceita emprestar Andr\u00e9s G\u00f3mez ao Vasco por 1 milh\u00e3o de euros por 1 ano"},"content":{"rendered":"<p><\/p>\n<div>\n<div>NTVASCA\u00cdNOS @ntvascainos<\/p>\n<p>ATUALIZA\u00c7\u00c3O SOBRE ANDR\u00c9S G\u00d3MEZ!!!<\/p>\n<p>Como trouxemos aqui em primeira m\u00e3o, com nosso amigo @Giuberti10Mr, o Vasco da Gama buscou informa\u00e7\u00f5es sobre o atacante colombiano Andr\u00e9s G\u00f3mez, do Stade Rennes.\n<\/p>\n<p>Apuramos, no dia de hoje, que o clube franc\u00eas aceita emprestar o atacante ao Gigante da Colina por valores que giram em torno de 1 milh\u00e3o de euros por um ano, com passe fixado em 4 milh\u00f5es de euros.\n<\/p>\n<p>Caso o Vasco tenha interesse em adquirir o jogador, o cruzmaltino s\u00f3 pagar\u00e1 mais 3 milh\u00f5es de euros por G\u00f3mez. As negocia\u00e7\u00f5es seguem em curso, enquanto o Vasco busca dois atacantes de lado de campo para refor\u00e7ar o seu elenco.\n<\/p>\n<p>Apura\u00e7\u00e3o: @Leontvascainos \u2013 @LuizAmadeu4\n<\/p>\n<p>Fonte: X NTVASCA\u00cdNOS<\/p>\n<\/div>\n<p><!-- CONTENT END 2 -->\n<\/div>\n<p><script async defer crossorigin=\"anonymous\" src=\"https:\/\/connect.facebook.net\/pt_BR\/sdk.js#xfbml=1&amp;version=v12.0&amp;appId=114327694422&amp;autoLogAppEvents=1\" nonce=\"4kp7RAsD\"><\/script><\/p>\n","protected":false},"excerpt":{"rendered":"<p>NTVASCA\u00cdNOS @ntvascainos ATUALIZA\u00c7\u00c3O SOBRE ANDR\u00c9S G\u00d3MEZ!!! Como trouxemos aqui em primeira m\u00e3o, com nosso amigo @Giuberti10Mr, o Vasco da Gama<\/p>\n","protected":false},"author":1,"featured_media":0,"comment_status":"","ping_status":"","sticky":false,"template":"","format":"standard","meta":{"colormag_page_container_layout":"default_layout","colormag_page_sidebar_layout":"default_layout","footnotes":""},"categories":[1],"tags":[],"class_list":["post-55220","post","type-post","status-publish","format-standard","hentry","category-sem-categoria"],"_links":{"self":[{"href":"https:\/\/euvivoaselecao.com.br\/index.php\/wp-json\/wp\/v2\/posts\/55220","targetHints":{"allow":["GET"]}}],"collection":[{"href":"https:\/\/euvivoaselecao.com.br\/index.php\/wp-json\/wp\/v2\/posts"}],"about":[{"href":"https:\/\/euvivoaselecao.com.br\/index.php\/wp-json\/wp\/v2\/types\/post"}],"author":[{"embeddable":true,"href":"https:\/\/euvivoaselecao.com.br\/index.php\/wp-json\/wp\/v2\/users\/1"}],"replies":[{"embeddable":true,"href":"https:\/\/euvivoaselecao.com.br\/index.php\/wp-json\/wp\/v2\/comments?post=55220"}],"version-history":[{"count":0,"href":"https:\/\/euvivoaselecao.com.br\/index.php\/wp-json\/wp\/v2\/posts\/55220\/revisions"}],"wp:attachment":[{"href":"https:\/\/euvivoaselecao.com.br\/index.php\/wp-json\/wp\/v2\/media?parent=55220"}],"wp:term":[{"taxonomy":"category","embeddable":true,"href":"https:\/\/euvivoaselecao.com.br\/index.php\/wp-json\/wp\/v2\/categories?post=55220"},{"taxonomy":"post_tag","embeddable":true,"href":"https:\/\/euvivoaselecao.com.br\/index.php\/wp-json\/wp\/v2\/tags?post=55220"}],"curies":[{"name":"wp","href":"https:\/\/api.w.org\/{rel}","templated":true}]}}