{"id":55227,"date":"2025-07-04T12:51:59","date_gmt":"2025-07-04T15:51:59","guid":{"rendered":"https:\/\/euvivoaselecao.com.br\/index.php\/2025\/07\/04\/previsao-do-tempo-para-o-fim-de-semana-e-segunda-feira-05-07-a-07-07-2025\/"},"modified":"2025-07-04T12:51:59","modified_gmt":"2025-07-04T15:51:59","slug":"previsao-do-tempo-para-o-fim-de-semana-e-segunda-feira-05-07-a-07-07-2025","status":"publish","type":"post","link":"https:\/\/euvivoaselecao.com.br\/index.php\/2025\/07\/04\/previsao-do-tempo-para-o-fim-de-semana-e-segunda-feira-05-07-a-07-07-2025\/","title":{"rendered":"Previs\u00e3o do tempo para o fim de semana e segunda-feira, 05\/07 a 07\/07\/2025"},"content":{"rendered":"<p><\/p>\n<div>\n<figure class=\"wp-block-audio\"><audio controls=\"\" src=\"https:\/\/estado.sc.gov.br\/noticias\/wp-content\/uploads\/sites\/3\/2025\/07\/SECOM-Previsao-Fim-de-Semana-05.07-a-07.07.25.mp3\"\/><\/figure>\n<p><span id=\"more-360233\"\/><\/p>\n<p><strong>S\u00e1bado (05\/07):\u00a0\u00a0\u00a0\u00a0\u00a0\u00a0\u00a0\u00a0\u00a0\u00a0\u00a0<\/strong><\/p>\n<p><strong>Tempo:<\/strong>\u00a0firme com sol e algumas nuvens em SC.<\/p>\n<p><strong>Temperatura<\/strong>: mais baixa ao amanhecer, com condi\u00e7\u00e3o de geada nas \u00e1reas altas do Planalto Sul.\u00a0 Durante o dia, em eleva\u00e7\u00e3o com m\u00e1ximas de 16 a 21\u00b0C (frio ameno).<\/p>\n<p><strong>Vento:<\/strong>\u00a0nordeste\/noroeste a sul, fraco a moderado, com rajadas.<\/p>\n<p><strong>Sistema:\u00a0<\/strong>massa de ar frio afasta-se de SC. Uma frente fria de fraca intensidade aproxima-se do Litoral Sul no fim do dia.<\/p>\n<p><strong>Domingo (06\/07):\u00a0\u00a0\u00a0\u00a0\u00a0\u00a0\u00a0\u00a0<\/strong><\/p>\n<p><strong>Tempo:<\/strong>\u00a0firme com predom\u00ednio de sol e poucas nuvens durante o dia.\u00a0<\/p>\n<p><strong>Temperatura<\/strong>: mais baixa ao amanhecer, com condi\u00e7\u00e3o de geada nas \u00e1reas altas no Planalto Sul. \u00a0Durante o dia, frio ameno com m\u00e1ximas de 17 a 21\u00b0C.<\/p>\n<p><strong>Vento:<\/strong>\u00a0sudeste, passando a nordeste no oeste e sul do estado, fraco a moderado.<\/p>\n<p><strong>Segunda-feira (07\/07):\u00a0\u00a0\u00a0\u00a0\u00a0\u00a0\u00a0\u00a0<\/strong><\/p>\n<p><strong>Tempo:<\/strong>\u00a0segue firme com predom\u00ednio de sol e poucas nuvens em SC.\u00a0<\/p>\n<p><strong>Temperatura<\/strong>: mais baixa ao amanhecer. Durante o dia em eleva\u00e7\u00e3o, com m\u00e1ximas de 18 a 24\u00b0C.<\/p>\n<p><strong>Vento:<\/strong>\u00a0nordeste, fraco a moderado, com rajadas entre o Litoral Sul e Grande Florian\u00f3polis.<\/p>\n<p><strong>Meteorologista:<\/strong> Gils\u00e2nia Cruz<\/p>\n<\/p><\/div>\n","protected":false},"excerpt":{"rendered":"<p>S\u00e1bado (05\/07):\u00a0\u00a0\u00a0\u00a0\u00a0\u00a0\u00a0\u00a0\u00a0\u00a0\u00a0 Tempo:\u00a0firme com sol e algumas nuvens em SC. Temperatura: mais baixa ao amanhecer, com condi\u00e7\u00e3o de geada nas<\/p>\n","protected":false},"author":1,"featured_media":0,"comment_status":"","ping_status":"","sticky":false,"template":"","format":"standard","meta":{"colormag_page_container_layout":"default_layout","colormag_page_sidebar_layout":"default_layout","footnotes":""},"categories":[1],"tags":[],"class_list":["post-55227","post","type-post","status-publish","format-standard","hentry","category-sem-categoria"],"_links":{"self":[{"href":"https:\/\/euvivoaselecao.com.br\/index.php\/wp-json\/wp\/v2\/posts\/55227","targetHints":{"allow":["GET"]}}],"collection":[{"href":"https:\/\/euvivoaselecao.com.br\/index.php\/wp-json\/wp\/v2\/posts"}],"about":[{"href":"https:\/\/euvivoaselecao.com.br\/index.php\/wp-json\/wp\/v2\/types\/post"}],"author":[{"embeddable":true,"href":"https:\/\/euvivoaselecao.com.br\/index.php\/wp-json\/wp\/v2\/users\/1"}],"replies":[{"embeddable":true,"href":"https:\/\/euvivoaselecao.com.br\/index.php\/wp-json\/wp\/v2\/comments?post=55227"}],"version-history":[{"count":0,"href":"https:\/\/euvivoaselecao.com.br\/index.php\/wp-json\/wp\/v2\/posts\/55227\/revisions"}],"wp:attachment":[{"href":"https:\/\/euvivoaselecao.com.br\/index.php\/wp-json\/wp\/v2\/media?parent=55227"}],"wp:term":[{"taxonomy":"category","embeddable":true,"href":"https:\/\/euvivoaselecao.com.br\/index.php\/wp-json\/wp\/v2\/categories?post=55227"},{"taxonomy":"post_tag","embeddable":true,"href":"https:\/\/euvivoaselecao.com.br\/index.php\/wp-json\/wp\/v2\/tags?post=55227"}],"curies":[{"name":"wp","href":"https:\/\/api.w.org\/{rel}","templated":true}]}}