{"id":55290,"date":"2025-07-05T00:39:00","date_gmt":"2025-07-05T03:39:00","guid":{"rendered":"https:\/\/euvivoaselecao.com.br\/index.php\/2025\/07\/05\/agencia-minas-gerais-secretaria-de-educacao-divulga-resultado-preliminar-da-selecao-de-tutores-e-mentores-do-ser-docente\/"},"modified":"2025-07-05T00:39:00","modified_gmt":"2025-07-05T03:39:00","slug":"agencia-minas-gerais-secretaria-de-educacao-divulga-resultado-preliminar-da-selecao-de-tutores-e-mentores-do-ser-docente","status":"publish","type":"post","link":"https:\/\/euvivoaselecao.com.br\/index.php\/2025\/07\/05\/agencia-minas-gerais-secretaria-de-educacao-divulga-resultado-preliminar-da-selecao-de-tutores-e-mentores-do-ser-docente\/","title":{"rendered":"Ag\u00eancia Minas Gerais | Secretaria de Educa\u00e7\u00e3o divulga resultado preliminar da sele\u00e7\u00e3o de tutores e mentores do Ser Docente"},"content":{"rendered":"<p><\/p>\n<div>\n<p><figure class=\"image\" style=\"float:left\">&#13;<figcaption><em><sub>SEE-MG \/ Divulga\u00e7\u00e3o<\/sub><\/em><\/figcaption>&#13;<br \/>\n<\/figure>\n<p>&#13;<br \/>\n&#13;\n<\/p>\n<p>O Governo de Minas segue avan\u00e7ando na implementa\u00e7\u00e3o do Programa Ser Docente, voltado\u00a0\u00e0 mentoria de professores em est\u00e1gio probat\u00f3rio da rede estadual ensino e,\u00a0nesta sexta-feira (4\/7), a Secretaria de Estado de Educa\u00e7\u00e3o\u00a0(SEE\/MG) divulgou o resultado preliminar da an\u00e1lise documental dos candidatos \u00e0s fun\u00e7\u00f5es de mentores e tutores.<\/p>\n<p>Os candidatos\u00a0podem consultar o resultado preliminar\u00a0neste\u00a0link. O prazo para interposi\u00e7\u00e3o de recursos j\u00e1 est\u00e1 aberto e segue at\u00e9 o pr\u00f3ximo domingo (6\/7), \u00e0s 17h, por meio do formul\u00e1rio dispon\u00edvel neste\u00a0link.\u00a0<\/p>\n<p>&#8220;Com o Ser Docente, damos um passo importante para garantir que os professores que est\u00e3o iniciando sua trajet\u00f3ria na rede estadual se sintam acolhidos, motivados e preparados. Investir na perman\u00eancia qualificada desses profissionais \u00e9 investir no futuro da educa\u00e7\u00e3o p\u00fablica em Minas Gerais\u201d, afirma a subsecret\u00e1ria de Gest\u00e3o de Recursos Humanos da SEE\/MG, Gl\u00e1ucia dos Santos.\u00a0<\/p>\n<p><strong>Resultado final<\/strong>\u00a0<\/p>\n<p>A divulga\u00e7\u00e3o do resultado final da an\u00e1lise documental est\u00e1 prevista para a pr\u00f3xima ter\u00e7a-feira (8\/7). J\u00e1 no dia 13\/7, ser\u00e1 realizada a avalia\u00e7\u00e3o digital com os candidatos habilitados. As instru\u00e7\u00f5es para essa etapa ser\u00e3o enviadas por e-mail pelo Centro de Pol\u00edticas P\u00fablicas e Avalia\u00e7\u00e3o da Educa\u00e7\u00e3o da Universidade Federal de Juiz de Fora (CAEd\/UFJF), respons\u00e1vel pela condu\u00e7\u00e3o do processo seletivo.<\/p>\n<p>O cronograma completo est\u00e1 dispon\u00edvel neste\u00a0site. Em caso de d\u00favidas, os candidatos podem entrar em contato pelo e-mail\u00a0pss@educacao.mg.gov.br.<\/p>\n<p><strong>Ser Docente<\/strong>\u00a0<\/p>\n<p>O Ser Docente marca uma nova fase no acolhimento e desenvolvimento dos profissionais da educa\u00e7\u00e3o em in\u00edcio de carreira. Com apoio direto de mentores e tutores experientes, a iniciativa busca fortalecer a pr\u00e1tica pedag\u00f3gica e promover uma forma\u00e7\u00e3o cont\u00ednua e alinhada \u00e0s pol\u00edticas educacionais do Estado.\u00a0<\/p>\n<p>A proposta \u00e9 garantir suporte t\u00e9cnico e emocional aos educadores, contribuindo para a melhoria do ensino em sala de aula e para a perman\u00eancia qualificada dos profissionais na rede p\u00fablica.<\/p>\n<\/p><\/div>\n","protected":false},"excerpt":{"rendered":"<p>&#13;SEE-MG \/ Divulga\u00e7\u00e3o&#13; &#13; &#13; O Governo de Minas segue avan\u00e7ando na implementa\u00e7\u00e3o do Programa Ser Docente, voltado\u00a0\u00e0 mentoria de<\/p>\n","protected":false},"author":1,"featured_media":0,"comment_status":"","ping_status":"","sticky":false,"template":"","format":"standard","meta":{"colormag_page_container_layout":"default_layout","colormag_page_sidebar_layout":"default_layout","footnotes":""},"categories":[1],"tags":[],"class_list":["post-55290","post","type-post","status-publish","format-standard","hentry","category-sem-categoria"],"_links":{"self":[{"href":"https:\/\/euvivoaselecao.com.br\/index.php\/wp-json\/wp\/v2\/posts\/55290","targetHints":{"allow":["GET"]}}],"collection":[{"href":"https:\/\/euvivoaselecao.com.br\/index.php\/wp-json\/wp\/v2\/posts"}],"about":[{"href":"https:\/\/euvivoaselecao.com.br\/index.php\/wp-json\/wp\/v2\/types\/post"}],"author":[{"embeddable":true,"href":"https:\/\/euvivoaselecao.com.br\/index.php\/wp-json\/wp\/v2\/users\/1"}],"replies":[{"embeddable":true,"href":"https:\/\/euvivoaselecao.com.br\/index.php\/wp-json\/wp\/v2\/comments?post=55290"}],"version-history":[{"count":0,"href":"https:\/\/euvivoaselecao.com.br\/index.php\/wp-json\/wp\/v2\/posts\/55290\/revisions"}],"wp:attachment":[{"href":"https:\/\/euvivoaselecao.com.br\/index.php\/wp-json\/wp\/v2\/media?parent=55290"}],"wp:term":[{"taxonomy":"category","embeddable":true,"href":"https:\/\/euvivoaselecao.com.br\/index.php\/wp-json\/wp\/v2\/categories?post=55290"},{"taxonomy":"post_tag","embeddable":true,"href":"https:\/\/euvivoaselecao.com.br\/index.php\/wp-json\/wp\/v2\/tags?post=55290"}],"curies":[{"name":"wp","href":"https:\/\/api.w.org\/{rel}","templated":true}]}}