{"id":55304,"date":"2025-07-05T02:56:02","date_gmt":"2025-07-05T05:56:02","guid":{"rendered":"https:\/\/euvivoaselecao.com.br\/index.php\/2025\/07\/05\/justica-aceita-denuncia-contra-o-tenente-coronel-ivan-blaz\/"},"modified":"2025-07-05T02:56:02","modified_gmt":"2025-07-05T05:56:02","slug":"justica-aceita-denuncia-contra-o-tenente-coronel-ivan-blaz","status":"publish","type":"post","link":"https:\/\/euvivoaselecao.com.br\/index.php\/2025\/07\/05\/justica-aceita-denuncia-contra-o-tenente-coronel-ivan-blaz\/","title":{"rendered":"Justi\u00e7a aceita den\u00fancia contra o tenente-coronel Ivan Blaz\u00a0"},"content":{"rendered":"<p><\/p>\n<div wp_automatic_readability=\"57.364406779661\">\n<p><strong>A auditoria da Justi\u00e7a Militar do Tribunal de Justi\u00e7a do Estado do Rio de Janeiro aceitou a den\u00fancia do Minist\u00e9rio P\u00fablico estadual contra o tenente-coronel Ivan Blaz, ex-porta-voz\u00a0 da Pol\u00edcia Militar, acusado de viola\u00e7\u00e3o domic\u00edlio e constrangimento ilegal. <\/strong>Ao aceitar a den\u00fancia, o oficial superior da PM passa a ser formalmente processado pela Justi\u00e7a e passa \u00e0\u00a0condi\u00e7\u00e3o de r\u00e9u no processo judicial.<\/p>\n<p>Em janeiro deste ano, o oficial invadiu um pr\u00e9dio na Rua Rui Barbosa, no Flamengo, zona sul do Rio, que segundo alegou, seria para prender o traficante \u00c1lvaro Malaquias Santa Rosa, o Peix\u00e3o, do Complexo de Israel, na zona norte, que conforme den\u00fancia an\u00f4nima, supostamente estaria no pr\u00e9dio\u201d.<\/p>\n<p><strong>Na \u00e9poca, Blaz foi exonerado do cargo de comandante do 2\u00ba batalh\u00e3o da PM, em Botafogo, zona sul da cidade.<\/strong><\/p>\n<p><strong>Governo aprova pens\u00e3o a 61 filhos separados de pais com hansen\u00edase<\/strong><\/p>\n<p><strong>Lei acaba com atenuantes para crimes sexuais contra mulheres<\/strong><\/p>\n<p>V\u00eddeos mostram que ele e uma outra policial \u00e0 paisana renderam o porteiro e o colocaram com o rosto contra o ch\u00e3o. A opera\u00e7\u00e3o contou ainda com cinco policiais dentro do pr\u00e9dio. Eles estavam armados com fuzis e pistolas.<\/p>\n<p>Ao receber a den\u00fancia, a Auditoria Militar decretou a suspens\u00e3o integral do exerc\u00edcio de fun\u00e7\u00e3o p\u00fablica de Ivan Blaz.<\/p>\n<blockquote wp_automatic_readability=\"16\">\n<p>\u201cConforme se depreende da den\u00fancia, o suposto crime foi praticado, em tese, em raz\u00e3o da fun\u00e7\u00e3o e da posi\u00e7\u00e3o hier\u00e1rquica do r\u00e9u, mostrando-se imprescind\u00edvel o afastamento do ora acusado tanto das atividades-fim, inerentes \u00e0 fun\u00e7\u00e3o policial, quanto das atividades-meio, de natureza administrativa\u201d, diz a decis\u00e3o.<\/p>\n<\/blockquote>\n<p>O tenente-coronel tamb\u00e9m dever\u00e1 cumprir medidas cautelares, como: comparecimento trimestral em ju\u00edzo para informar e justificar suas atividades; proibi\u00e7\u00e3o de manter contato, direta ou indiretamente, com as v\u00edtimas, testemunhas e\/ou qualquer pessoa relacionada aos fatos objeto do processo; suspens\u00e3o do porte de armas de fogo e proibi\u00e7\u00e3o de se ausentar da cidade onde reside, salvo com autoriza\u00e7\u00e3o judicial.<\/p>\n<p><strong>Ruas do Rio ser\u00e3o fechadas ao tr\u00e1fego devido \u00e0 reuni\u00e3o dos Brics<\/strong><\/p>\n<p><strong>China e R\u00fassia n\u00e3o ter\u00e3o seus presidentes presentes na C\u00fapula do Brics<\/strong><\/p>\n<\/div>\n","protected":false},"excerpt":{"rendered":"<p>A auditoria da Justi\u00e7a Militar do Tribunal de Justi\u00e7a do Estado do Rio de Janeiro aceitou a den\u00fancia do Minist\u00e9rio<\/p>\n","protected":false},"author":2,"featured_media":0,"comment_status":"","ping_status":"","sticky":false,"template":"","format":"standard","meta":{"colormag_page_container_layout":"default_layout","colormag_page_sidebar_layout":"default_layout","footnotes":""},"categories":[],"tags":[],"class_list":["post-55304","post","type-post","status-publish","format-standard","hentry"],"_links":{"self":[{"href":"https:\/\/euvivoaselecao.com.br\/index.php\/wp-json\/wp\/v2\/posts\/55304","targetHints":{"allow":["GET"]}}],"collection":[{"href":"https:\/\/euvivoaselecao.com.br\/index.php\/wp-json\/wp\/v2\/posts"}],"about":[{"href":"https:\/\/euvivoaselecao.com.br\/index.php\/wp-json\/wp\/v2\/types\/post"}],"author":[{"embeddable":true,"href":"https:\/\/euvivoaselecao.com.br\/index.php\/wp-json\/wp\/v2\/users\/2"}],"replies":[{"embeddable":true,"href":"https:\/\/euvivoaselecao.com.br\/index.php\/wp-json\/wp\/v2\/comments?post=55304"}],"version-history":[{"count":0,"href":"https:\/\/euvivoaselecao.com.br\/index.php\/wp-json\/wp\/v2\/posts\/55304\/revisions"}],"wp:attachment":[{"href":"https:\/\/euvivoaselecao.com.br\/index.php\/wp-json\/wp\/v2\/media?parent=55304"}],"wp:term":[{"taxonomy":"category","embeddable":true,"href":"https:\/\/euvivoaselecao.com.br\/index.php\/wp-json\/wp\/v2\/categories?post=55304"},{"taxonomy":"post_tag","embeddable":true,"href":"https:\/\/euvivoaselecao.com.br\/index.php\/wp-json\/wp\/v2\/tags?post=55304"}],"curies":[{"name":"wp","href":"https:\/\/api.w.org\/{rel}","templated":true}]}}