{"id":55306,"date":"2025-07-05T03:36:04","date_gmt":"2025-07-05T06:36:04","guid":{"rendered":"https:\/\/euvivoaselecao.com.br\/index.php\/2025\/07\/05\/prefeitura-de-sorocaba-visita-o-1o-feirao-de-empregos-da-cidade-de-hortolandia-sp-agencia-de-noticias\/"},"modified":"2025-07-05T03:36:04","modified_gmt":"2025-07-05T06:36:04","slug":"prefeitura-de-sorocaba-visita-o-1o-feirao-de-empregos-da-cidade-de-hortolandia-sp-agencia-de-noticias","status":"publish","type":"post","link":"https:\/\/euvivoaselecao.com.br\/index.php\/2025\/07\/05\/prefeitura-de-sorocaba-visita-o-1o-feirao-de-empregos-da-cidade-de-hortolandia-sp-agencia-de-noticias\/","title":{"rendered":"Prefeitura de Sorocaba visita o 1\u00ba Feir\u00e3o de Empregos da cidade de Hortol\u00e2ndia (SP) \u2013 Ag\u00eancia de Not\u00edcias"},"content":{"rendered":"<p><\/p>\n<div>\n<div class=\"col\">\n<p class=\"mt-0\">\n                        <strong><br \/>\n                            <span class=\"far fa-calendar mr-1 mt-2\"\/><br \/>\n                            4 de julho de 2025<br \/>\n                            <span class=\"far fa-clock ml-3 mt-2\"\/><br \/>\n                            14:46<br \/>\n                        <\/strong>\n                    <\/p>\n<p class=\"mb-0\">Por: <strong>Lu\u00eds Gustavo Adabro<\/strong><\/p>\n<\/p><\/div>\n<\/p><\/div>\n<div>\n<p>A Prefeitura de Sorocaba, por meio das secretarias de Desenvolvimento Econ\u00f4mico (Sede) e de Rela\u00e7\u00f5es do Trabalho e Qualifica\u00e7\u00e3o Profissional (Sert) visitou, nesta sexta-feira (4), o 1\u00ba Feir\u00e3o de Empregos da cidade de Hortol\u00e2ndia (SP). O evento foi realizado na Esta\u00e7\u00e3o Cidadania de Esportes \u201cDeputado Luiz Lauro Filho\u201d, no\u00a0Jardim Amanda.<\/p>\n<p>A equipe da Secretaria de Desenvolvimento Econ\u00f4mico, do Trabalho, Turismo e Inova\u00e7\u00e3o de Hortol\u00e2ndia visitou a 37\u00aa edi\u00e7\u00e3o do Mutir\u00e3o de Empregos Sorocaba, realizada no dia 29 de abril deste ano. Na ocasi\u00e3o, os representantes do munic\u00edpio puderam saber mais como funciona a organiza\u00e7\u00e3o do evento, bem como as formas de divulga\u00e7\u00e3o, como modelo de aplica\u00e7\u00e3o.<\/p>\n<p>O secret\u00e1rio da Sede, Bruno Santana esteve presente no evento de Hortol\u00e2ndia, junto ao coordenador do Sine Municipal, Edson Salinas, que estava representando o secret\u00e1rio da Sert, P\u00e9ricles R\u00e9gis. \u201cFico muito feliz em saber que Sorocaba \u00e9 exemplo de pol\u00edticas p\u00fablicas para outras cidades, principalmente no que diz respeito \u00e1 empregabilidade\u201d, disse o secret\u00e1rio da Sede, Bruno Santana.<\/p>\n<p>O 1\u00ba Feir\u00e3o de Empregos de Hortol\u00e2ndia contou com 3\u00a0 mil vagas\u00a0de empregos dispon\u00edveis nas modalidades<strong>\u00a0<\/strong>efetivo, est\u00e1gio, tempor\u00e1rio, jovem aprendiz, primeiro emprego<strong>\u00a0<\/strong>e<strong>\u00a0<\/strong>pessoas com defici\u00eancia (PCDs). O evento teve in\u00edcio \u00e0s 9h.<\/p>\n<p>\u201cHoje \u00e9 um dia hist\u00f3rico para a cidade de Hortol\u00e2ndia devido ao lan\u00e7amento do Feir\u00e3o de Empregos. Espero que nossas expectativas sejam alcan\u00e7adas durante esse evento, preparado para receber mais de 3 mil pessoas e que elas possam sair daqui encaminhadas para uma vaga de trabalho\u201d, conclui o secret\u00e1rio de Desenvolvimento Econ\u00f4mico, do Trabalho, Turismo e Inova\u00e7\u00e3o de Hortol\u00e2ndia,\u00a0Dimas Corr\u00eaa P\u00e1dua.<\/p>\n<\/p><\/div>\n","protected":false},"excerpt":{"rendered":"<p>4 de julho de 2025 14:46 Por: Lu\u00eds Gustavo Adabro A Prefeitura de Sorocaba, por meio das secretarias de Desenvolvimento<\/p>\n","protected":false},"author":1,"featured_media":0,"comment_status":"","ping_status":"","sticky":false,"template":"","format":"standard","meta":{"colormag_page_container_layout":"default_layout","colormag_page_sidebar_layout":"default_layout","footnotes":""},"categories":[1],"tags":[],"class_list":["post-55306","post","type-post","status-publish","format-standard","hentry","category-sem-categoria"],"_links":{"self":[{"href":"https:\/\/euvivoaselecao.com.br\/index.php\/wp-json\/wp\/v2\/posts\/55306","targetHints":{"allow":["GET"]}}],"collection":[{"href":"https:\/\/euvivoaselecao.com.br\/index.php\/wp-json\/wp\/v2\/posts"}],"about":[{"href":"https:\/\/euvivoaselecao.com.br\/index.php\/wp-json\/wp\/v2\/types\/post"}],"author":[{"embeddable":true,"href":"https:\/\/euvivoaselecao.com.br\/index.php\/wp-json\/wp\/v2\/users\/1"}],"replies":[{"embeddable":true,"href":"https:\/\/euvivoaselecao.com.br\/index.php\/wp-json\/wp\/v2\/comments?post=55306"}],"version-history":[{"count":0,"href":"https:\/\/euvivoaselecao.com.br\/index.php\/wp-json\/wp\/v2\/posts\/55306\/revisions"}],"wp:attachment":[{"href":"https:\/\/euvivoaselecao.com.br\/index.php\/wp-json\/wp\/v2\/media?parent=55306"}],"wp:term":[{"taxonomy":"category","embeddable":true,"href":"https:\/\/euvivoaselecao.com.br\/index.php\/wp-json\/wp\/v2\/categories?post=55306"},{"taxonomy":"post_tag","embeddable":true,"href":"https:\/\/euvivoaselecao.com.br\/index.php\/wp-json\/wp\/v2\/tags?post=55306"}],"curies":[{"name":"wp","href":"https:\/\/api.w.org\/{rel}","templated":true}]}}