{"id":55307,"date":"2025-07-05T03:36:59","date_gmt":"2025-07-05T06:36:59","guid":{"rendered":"https:\/\/euvivoaselecao.com.br\/index.php\/2025\/07\/05\/vasco-lamenta-o-falecimento-do-grande-benemerito-luiz-mello-de-souza\/"},"modified":"2025-07-05T03:36:59","modified_gmt":"2025-07-05T06:36:59","slug":"vasco-lamenta-o-falecimento-do-grande-benemerito-luiz-mello-de-souza","status":"publish","type":"post","link":"https:\/\/euvivoaselecao.com.br\/index.php\/2025\/07\/05\/vasco-lamenta-o-falecimento-do-grande-benemerito-luiz-mello-de-souza\/","title":{"rendered":"Vasco lamenta o falecimento do grande benem\u00e9rito Luiz Mello de Souza"},"content":{"rendered":"<p><\/p>\n<div>\n<div>C.R. Vasco da Gama @crvasco_br<\/p>\n<p>Com pesar, comunicamos o falecimento do Grande Benem\u00e9rito Luiz Mello de Souza.<\/p>\n<p>Luiz Mello deixa sua contribui\u00e7\u00e3o marcada pelo respeito \u00e0 hist\u00f3ria do Club da Regatas Vasco da Gama.\n<\/p>\n<p>Nossos sentimentos \u00e0 fam\u00edlia e amigos.\n<\/p>\n<p>Fonte: X oficial do Vasco<\/p>\n<\/div>\n<p><!-- CONTENT END 2 -->\n<\/div>\n","protected":false},"excerpt":{"rendered":"<p>C.R. Vasco da Gama @crvasco_br Com pesar, comunicamos o falecimento do Grande Benem\u00e9rito Luiz Mello de Souza. Luiz Mello deixa<\/p>\n","protected":false},"author":1,"featured_media":0,"comment_status":"","ping_status":"","sticky":false,"template":"","format":"standard","meta":{"colormag_page_container_layout":"default_layout","colormag_page_sidebar_layout":"default_layout","footnotes":""},"categories":[1],"tags":[],"class_list":["post-55307","post","type-post","status-publish","format-standard","hentry","category-sem-categoria"],"_links":{"self":[{"href":"https:\/\/euvivoaselecao.com.br\/index.php\/wp-json\/wp\/v2\/posts\/55307","targetHints":{"allow":["GET"]}}],"collection":[{"href":"https:\/\/euvivoaselecao.com.br\/index.php\/wp-json\/wp\/v2\/posts"}],"about":[{"href":"https:\/\/euvivoaselecao.com.br\/index.php\/wp-json\/wp\/v2\/types\/post"}],"author":[{"embeddable":true,"href":"https:\/\/euvivoaselecao.com.br\/index.php\/wp-json\/wp\/v2\/users\/1"}],"replies":[{"embeddable":true,"href":"https:\/\/euvivoaselecao.com.br\/index.php\/wp-json\/wp\/v2\/comments?post=55307"}],"version-history":[{"count":0,"href":"https:\/\/euvivoaselecao.com.br\/index.php\/wp-json\/wp\/v2\/posts\/55307\/revisions"}],"wp:attachment":[{"href":"https:\/\/euvivoaselecao.com.br\/index.php\/wp-json\/wp\/v2\/media?parent=55307"}],"wp:term":[{"taxonomy":"category","embeddable":true,"href":"https:\/\/euvivoaselecao.com.br\/index.php\/wp-json\/wp\/v2\/categories?post=55307"},{"taxonomy":"post_tag","embeddable":true,"href":"https:\/\/euvivoaselecao.com.br\/index.php\/wp-json\/wp\/v2\/tags?post=55307"}],"curies":[{"name":"wp","href":"https:\/\/api.w.org\/{rel}","templated":true}]}}