{"id":55339,"date":"2025-07-05T10:36:09","date_gmt":"2025-07-05T13:36:09","guid":{"rendered":"https:\/\/euvivoaselecao.com.br\/index.php\/2025\/07\/05\/com-estrategias-integradas-e-inovacoes-ses-realiza-1-simposio-de-enfrentamento-a-chikungunya-em-mato-grosso-do-sul\/"},"modified":"2025-07-05T10:36:09","modified_gmt":"2025-07-05T13:36:09","slug":"com-estrategias-integradas-e-inovacoes-ses-realiza-1-simposio-de-enfrentamento-a-chikungunya-em-mato-grosso-do-sul","status":"publish","type":"post","link":"https:\/\/euvivoaselecao.com.br\/index.php\/2025\/07\/05\/com-estrategias-integradas-e-inovacoes-ses-realiza-1-simposio-de-enfrentamento-a-chikungunya-em-mato-grosso-do-sul\/","title":{"rendered":"Com estrat\u00e9gias integradas e inova\u00e7\u00f5es, SES realiza 1\u00b0 Simp\u00f3sio de Enfrentamento \u00e0 Chikungunya em Mato Grosso do Sul"},"content":{"rendered":"<p><\/p>\n<div>\n<p style=\"text-align: center;\"><em>O encontro visa compartilhar as experi\u00eancias bem-sucedidas do Estado que se tornaram um diferencial em n\u00edvel nacional.<\/em><\/p>\n<p style=\"text-align: left;\">A SES (Secretaria de Estado de Sa\u00fade) realizou nesta sexta-feira (04) o 1\u00ba Simp\u00f3sio de Chikungunya, no Bioparque do Pantanal em Campo Grande. O evento tem como tema central \u2018Chikungunya em Foco: Estrat\u00e9gias Integradas e Inova\u00e7\u00f5es no Enfrentamento\u2019, reunindo especialistas e gestores da sa\u00fade para compartilhar experi\u00eancias, discutir desafios e fortalecer as a\u00e7\u00f5es de vigil\u00e2ncia, manejo cl\u00ednico e cuidado integral aos pacientes acometidos pela doen\u00e7a.<\/p>\n<p>O simp\u00f3sio tem como objetivo promover o alinhamento de estrat\u00e9gias cl\u00ednicas e intersetoriais no manejo da doen\u00e7a, especialmente em rela\u00e7\u00e3o aos casos cr\u00f4nicos, que demandam aten\u00e7\u00e3o especializada e pr\u00e1ticas integrativas.<\/p>\n<\/p>\n<p>\u201cEste ano Mato Grosso do Sul tem enfrentado um aumento significativo de casos em v\u00e1rias cidades. \u00c9 essencial que os munic\u00edpios com alta incid\u00eancia, dialoguem e compartilhem suas realidades, pois essa troca de informa\u00e7\u00f5es \u00e9 vital para organizarmos uma resposta conjunta e eficaz. O Governo do Estado tem buscado uma articula\u00e7\u00e3o pr\u00f3xima com os munic\u00edpios, enviando equipes da SES para oferecer apoio t\u00e9cnico, reunir-se com prefeitos e C\u00e2maras Municipais, e fortalecer a capacidade local de combate a surtos e situa\u00e7\u00f5es de crise\u201d, ressalta a secret\u00e1ria-adjunta de Sa\u00fade, Crhistinne Maymone.<\/p>\n<figure id=\"attachment_38976\" aria-describedby=\"caption-attachment-38976\" style=\"width: 199px\" class=\"wp-caption alignleft\"><figcaption id=\"caption-attachment-38976\" class=\"wp-caption-text\">Coordenadora de Doen\u00e7as End\u00eamicas da SES, J\u00e9ssica Klener.<\/figcaption><\/figure>\n<p>A gerente t\u00e9cnica de Doen\u00e7as End\u00eamicas da SES, J\u00e9ssica Klener, destaca que o simp\u00f3sio visa refor\u00e7ar as estrat\u00e9gias do Estado e preparar a linha de frente para o manejo completo da doen\u00e7a. \u201cA crescente incid\u00eancia de Chikungunya em Mato Grosso do Sul exige uma resposta robusta. Nosso objetivo \u00e9 capacitar os profissionais na gest\u00e3o das fases aguda e cr\u00f4nica da Chikungunya, incluindo o tratamento das dores cr\u00f4nicas, e abordar os impactos sociais e econ\u00f4micos. Queremos garantir que essas estrat\u00e9gias cheguem diretamente \u00e0 ponta, oferecendo uma resolutividade eficaz para nossos pacientes\u201d, afirma a coordenadora.<\/p>\n<figure id=\"attachment_38977\" aria-describedby=\"caption-attachment-38977\" style=\"width: 225px\" class=\"wp-caption alignright\"><figcaption id=\"caption-attachment-38977\" class=\"wp-caption-text\">Especialista em Servi\u00e7os de Sa\u00fade da SES e consultora t\u00e9cnica do Minist\u00e9rio da Sa\u00fade, Bianca Modafari.<\/figcaption><\/figure>\n<p>Para a especialista em Servi\u00e7os de Sa\u00fade da SES e consultora t\u00e9cnica do Minist\u00e9rio da Sa\u00fade no projeto de fortalecimento do combate \u00e0s arboviroses, Bianca Modafari, \u00e9 fundamental a implementa\u00e7\u00e3o de novas estrat\u00e9gias de enfrentamento \u00e0 Chikungunya, desenvolvidas em parceria entre a SES e o Minist\u00e9rio da Sa\u00fade, com destaque para o papel pioneiro de Mato Grosso do Sul em diversas a\u00e7\u00f5es contra a doen\u00e7a, principalmente na detec\u00e7\u00e3o precoce dos casos.<\/p>\n<p>\u201cTemos uma vigil\u00e2ncia muito ativa, o que nos permite identificar a doen\u00e7a em sua fase inicial. Este encontro visa compartilhar essas experi\u00eancias bem-sucedidas do Estado, que se tornaram um diferencial em n\u00edvel nacional. Apesar de um cen\u00e1rio epidemiol\u00f3gico de alta incid\u00eancia, observamos um n\u00famero de casos e \u00f3bitos controlados em compara\u00e7\u00e3o a outros estados que enfrentaram epidemias consider\u00e1veis. O foco da SES \u00e9 o atendimento a pacientes que podem ou n\u00e3o desenvolver a forma cr\u00f4nica da doen\u00e7a, al\u00e9m de estrat\u00e9gias para abordar aqueles que j\u00e1 est\u00e3o acometidos\u201d, explica Modafari.<\/p>\n<p>O encontro tem como p\u00fablico alvo coordenadores da Aten\u00e7\u00e3o Prim\u00e1ria e Especializada \/ Hospitalar Municipal, da Vigil\u00e2ncia Epidemiol\u00f3gica dos 79 munic\u00edpios e representantes dos N\u00facleos Regionais de Sa\u00fade.<\/p>\n<p>A programa\u00e7\u00e3o contempla mesas-redondas com abordagens epidemiol\u00f3gicas, estrat\u00e9gias de resposta, inova\u00e7\u00f5es em teleconsultoria e manejo cl\u00ednico da fase aguda \u00e0 cr\u00f4nica da Chikungunya, al\u00e9m de pr\u00e1ticas integrativas e reflex\u00f5es sobre os impactos psicol\u00f3gicos da doen\u00e7a.<\/p>\n<p><em>Helton Davis, Comunica\u00e7\u00e3o SES<br \/>Fotos: Helton Davis<\/em><\/p>\n<\/div>\n","protected":false},"excerpt":{"rendered":"<p>O encontro visa compartilhar as experi\u00eancias bem-sucedidas do Estado que se tornaram um diferencial em n\u00edvel nacional. A SES (Secretaria<\/p>\n","protected":false},"author":1,"featured_media":0,"comment_status":"","ping_status":"","sticky":false,"template":"","format":"standard","meta":{"colormag_page_container_layout":"default_layout","colormag_page_sidebar_layout":"default_layout","footnotes":""},"categories":[1],"tags":[],"class_list":["post-55339","post","type-post","status-publish","format-standard","hentry","category-sem-categoria"],"_links":{"self":[{"href":"https:\/\/euvivoaselecao.com.br\/index.php\/wp-json\/wp\/v2\/posts\/55339","targetHints":{"allow":["GET"]}}],"collection":[{"href":"https:\/\/euvivoaselecao.com.br\/index.php\/wp-json\/wp\/v2\/posts"}],"about":[{"href":"https:\/\/euvivoaselecao.com.br\/index.php\/wp-json\/wp\/v2\/types\/post"}],"author":[{"embeddable":true,"href":"https:\/\/euvivoaselecao.com.br\/index.php\/wp-json\/wp\/v2\/users\/1"}],"replies":[{"embeddable":true,"href":"https:\/\/euvivoaselecao.com.br\/index.php\/wp-json\/wp\/v2\/comments?post=55339"}],"version-history":[{"count":0,"href":"https:\/\/euvivoaselecao.com.br\/index.php\/wp-json\/wp\/v2\/posts\/55339\/revisions"}],"wp:attachment":[{"href":"https:\/\/euvivoaselecao.com.br\/index.php\/wp-json\/wp\/v2\/media?parent=55339"}],"wp:term":[{"taxonomy":"category","embeddable":true,"href":"https:\/\/euvivoaselecao.com.br\/index.php\/wp-json\/wp\/v2\/categories?post=55339"},{"taxonomy":"post_tag","embeddable":true,"href":"https:\/\/euvivoaselecao.com.br\/index.php\/wp-json\/wp\/v2\/tags?post=55339"}],"curies":[{"name":"wp","href":"https:\/\/api.w.org\/{rel}","templated":true}]}}