{"id":55349,"date":"2025-07-05T13:22:06","date_gmt":"2025-07-05T16:22:06","guid":{"rendered":"https:\/\/euvivoaselecao.com.br\/index.php\/2025\/07\/05\/agencia-minas-gerais-seminario-do-governo-de-minas-apresenta-as-oportunidades-do-mercado-islamico-para-empreendedores-do-estado\/"},"modified":"2025-07-05T13:22:06","modified_gmt":"2025-07-05T16:22:06","slug":"agencia-minas-gerais-seminario-do-governo-de-minas-apresenta-as-oportunidades-do-mercado-islamico-para-empreendedores-do-estado","status":"publish","type":"post","link":"https:\/\/euvivoaselecao.com.br\/index.php\/2025\/07\/05\/agencia-minas-gerais-seminario-do-governo-de-minas-apresenta-as-oportunidades-do-mercado-islamico-para-empreendedores-do-estado\/","title":{"rendered":"Ag\u00eancia Minas Gerais | Semin\u00e1rio do Governo de Minas apresenta as oportunidades do mercado isl\u00e2mico para empreendedores do estado"},"content":{"rendered":"<p><\/p>\n<div>\n<p>Uberl\u00e2ndia, no Tri\u00e2ngulo Mineiro, recebeu, nessa quinta-feira (3\/7), o segundo dia do \u201cSemin\u00e1rio Brasil \u2014 Pa\u00edses \u00c1rabes: Conectando Minas Gerais \u00e0s Oportunidades Internacionais\u201d, evento realizado pelo Governo de Minas, para apresentar aos empreendedores mineiros, as principais oportunidades no com\u00e9rcio exterior com pa\u00edses \u00e1rabes.<\/p>\n<p>Na \u00faltima ter\u00e7a-feira (1\/7), o evento ocorreu em Belo Horizonte. Nos dois dias, os empres\u00e1rios que participaram do semin\u00e1rio, aprenderam sobre o cen\u00e1rio econ\u00f4mico dos mercados isl\u00e2micos e das potencialidades para os produtos mineiros.<\/p>\n<p>A certifica\u00e7\u00e3o Halal, documento que garante que as mercadorias seguem as leis isl\u00e2micas, foi um dos destaques do evento, sendo importante para os produtos mineiros, uma vez que, est\u00e1 ligada a alimentos, f\u00e1rmacos e cosm\u00e9ticos.<\/p>\n<p>Em Uberl\u00e2ndia, a mineira Erlan Foods, empresa do setor aliment\u00edcio e especializada na venda de doces, apresentou como obteve sucesso em seus neg\u00f3cios com o mercado \u00e1rabe.<\/p>\n<p>J\u00e1 em Belo Horizonte, a Plena Alimentos, tamb\u00e9m do segmento aliment\u00edcio, apresentou sua experi\u00eancia em neg\u00f3cios com seus clientes do Oriente M\u00e9dio.<\/p>\n<p>O semin\u00e1rio foi promovido por meio da Secretaria de Estado de Desenvolvimento Econ\u00f4mico de Minas Gerais (Sede-MG), Secretaria de Estado de Agricultura, Pecu\u00e1ria e Abastecimento (Seapa-MG), Empresa de Assist\u00eancia T\u00e9cnica e Extens\u00e3o Rural (Emater\u2013MG), Federa\u00e7\u00e3o das Ind\u00fastrias do Estado de Minas Gerais (Fiemg) e da C\u00e2mara de Com\u00e9rcio \u00c1rabe-Brasileira (CCAB).<\/p>\n<p>\u201cEm 2024, o mercado \u00e1rabe simbolizou US$ 3,5 bilh\u00f5es em exporta\u00e7\u00f5es, em diversos segmentos, como minera\u00e7\u00e3o, agropecu\u00e1ria e o setor aliment\u00edcio. O Tri\u00e2ngulo Mineiro e Uberl\u00e2ndia t\u00eam potencial gigantesco, sobretudo no segmento do agroneg\u00f3cio e farmac\u00eautico, para pautar o aumento das exporta\u00e7\u00f5es e impactar os n\u00fameros de Minas Gerais\u201d, destacou o subsecret\u00e1rio de Atra\u00e7\u00e3o de Investimentos e Cadeias Produtivas da Sede-MG, Daniel Medrado.<\/p>\n<\/p><\/div>\n","protected":false},"excerpt":{"rendered":"<p>Uberl\u00e2ndia, no Tri\u00e2ngulo Mineiro, recebeu, nessa quinta-feira (3\/7), o segundo dia do \u201cSemin\u00e1rio Brasil \u2014 Pa\u00edses \u00c1rabes: Conectando Minas Gerais<\/p>\n","protected":false},"author":1,"featured_media":0,"comment_status":"","ping_status":"","sticky":false,"template":"","format":"standard","meta":{"colormag_page_container_layout":"default_layout","colormag_page_sidebar_layout":"default_layout","footnotes":""},"categories":[1],"tags":[],"class_list":["post-55349","post","type-post","status-publish","format-standard","hentry","category-sem-categoria"],"_links":{"self":[{"href":"https:\/\/euvivoaselecao.com.br\/index.php\/wp-json\/wp\/v2\/posts\/55349","targetHints":{"allow":["GET"]}}],"collection":[{"href":"https:\/\/euvivoaselecao.com.br\/index.php\/wp-json\/wp\/v2\/posts"}],"about":[{"href":"https:\/\/euvivoaselecao.com.br\/index.php\/wp-json\/wp\/v2\/types\/post"}],"author":[{"embeddable":true,"href":"https:\/\/euvivoaselecao.com.br\/index.php\/wp-json\/wp\/v2\/users\/1"}],"replies":[{"embeddable":true,"href":"https:\/\/euvivoaselecao.com.br\/index.php\/wp-json\/wp\/v2\/comments?post=55349"}],"version-history":[{"count":0,"href":"https:\/\/euvivoaselecao.com.br\/index.php\/wp-json\/wp\/v2\/posts\/55349\/revisions"}],"wp:attachment":[{"href":"https:\/\/euvivoaselecao.com.br\/index.php\/wp-json\/wp\/v2\/media?parent=55349"}],"wp:term":[{"taxonomy":"category","embeddable":true,"href":"https:\/\/euvivoaselecao.com.br\/index.php\/wp-json\/wp\/v2\/categories?post=55349"},{"taxonomy":"post_tag","embeddable":true,"href":"https:\/\/euvivoaselecao.com.br\/index.php\/wp-json\/wp\/v2\/tags?post=55349"}],"curies":[{"name":"wp","href":"https:\/\/api.w.org\/{rel}","templated":true}]}}