{"id":55355,"date":"2025-07-05T14:09:25","date_gmt":"2025-07-05T17:09:25","guid":{"rendered":"https:\/\/euvivoaselecao.com.br\/index.php\/2025\/07\/05\/empresarios-do-brics-se-reunem-no-rio-em-busca-de-ampliacao-de-negocio\/"},"modified":"2025-07-05T14:09:25","modified_gmt":"2025-07-05T17:09:25","slug":"empresarios-do-brics-se-reunem-no-rio-em-busca-de-ampliacao-de-negocio","status":"publish","type":"post","link":"https:\/\/euvivoaselecao.com.br\/index.php\/2025\/07\/05\/empresarios-do-brics-se-reunem-no-rio-em-busca-de-ampliacao-de-negocio\/","title":{"rendered":"Empres\u00e1rios do Brics se re\u00fanem no Rio em busca de amplia\u00e7\u00e3o de neg\u00f3cio"},"content":{"rendered":"<p><\/p>\n<div wp_automatic_readability=\"89.947514478764\">\n<p>Empres\u00e1rios dos pa\u00edses que comp\u00f5em o Brics se re\u00fanem neste s\u00e1bado (5), no Rio de Janeiro, um dia antes da c\u00fapula dos chefes de governo do grupo. <strong>Entre os objetivos do encontro est\u00e1 ampliar os neg\u00f3cios entre as 11 na\u00e7\u00f5es que integram o grupo.<\/strong><\/p>\n<blockquote wp_automatic_readability=\"15\">\n<p>\u201cAtualmente, o com\u00e9rcio intra bloco comporta crescimento significativo, pois hoje, apesar da relev\u00e2ncia econ\u00f4mica individual de cada na\u00e7\u00e3o, o volume de trocas entre n\u00f3s representa muito pouco, quando comparado ao que comercializamos com o resto do mundo. \u00c9 preciso avan\u00e7ar\u201d, destacou o presidente da Confedera\u00e7\u00e3o Nacional da Ind\u00fastria (CNI), Ricardo Alban.<\/p>\n<\/blockquote>\n<p><strong>Para o CEO da Embraer, Francisco Neto, que tamb\u00e9m coordena o Conselho Empresarial do Brics (Cebrics), \u00e9 preciso ampliar o com\u00e9rcio e a integra\u00e7\u00e3o da cadeia de suprimentos desses pa\u00edses.<\/strong><\/p>\n<p><strong>Rio ter\u00e1 ponto facultativo na segunda-feira devido \u00e0 C\u00fapula do Brics<\/strong><\/p>\n<p><strong>Exposi\u00e7\u00e3o em S\u00e3o Paulo antecipa celebra\u00e7\u00f5es de 200 anos de J\u00falio Verne<\/strong><\/p>\n<blockquote wp_automatic_readability=\"14\">\n<p>Entre as recomenda\u00e7\u00f5es do Cebrics est\u00e3o a \u201cexpans\u00e3o de rotas a\u00e9reas, especialmente para conectar cidades de pequeno e m\u00e9dio porte, a melhoria do acesso ao capital, finan\u00e7as sustent\u00e1veis e facilita\u00e7\u00e3o de fluxos de investimento internacional, moderniza\u00e7\u00e3o da log\u00edstica comercial e do com\u00e9rcio digital, e o fortalecimento da coopera\u00e7\u00e3o com o novo banco de desenvolvimento para financiamento de infraestrutura\u201d, disse Neto.<\/p>\n<\/blockquote>\n<p>O Brics \u00e9 composto por 11 pa\u00edses:\u00a0Brasil, R\u00fassia, \u00cdndia, China, \u00c1frica do Sul, Ar\u00e1bia Saudita, Egito, Emirados \u00c1rabes Unidos, Eti\u00f3pia, Indon\u00e9sia e Ir\u00e3. Juntos, eles\u00a0somam quase metade da popula\u00e7\u00e3o mundial, 40% da economia global e mais de 20% do com\u00e9rcio mundial.\u00a0<\/p>\n<p>Em termos de recursos naturais, <strong>os membros do grupo concentram cerca de 70% das reservas de terras raras, mais de 40% da produ\u00e7\u00e3o de petr\u00f3leo e quase 80% da produ\u00e7\u00e3o de carv\u00e3o mineral.<\/strong><\/p>\n<p>De acordo com a CNI, o com\u00e9rcio do Brasil com os outros pa\u00edses do Brics totalizou 210 bilh\u00f5es de d\u00f3lares, ou 35% do total. O bloco foi destino de 121 bilh\u00f5es de d\u00f3lares em exporta\u00e7\u00f5es brasileiras.<\/p>\n<p><strong>Exposi\u00e7\u00e3o no Rio traz a cultura dos Maxakali pouco conhecida no pa\u00eds<\/strong><\/p>\n<p><strong>Feira de artesanato deve receber 100 mil visitantes em S\u00e3o Paulo<\/strong><\/p>\n<p>Outras prioridades dos empres\u00e1rios do Brics s\u00e3o promover inova\u00e7\u00e3o e a transforma\u00e7\u00e3o digital, al\u00e9m de transi\u00e7\u00e3o energ\u00e9tica e desenvolvimento sustent\u00e1vel.<\/p>\n<blockquote wp_automatic_readability=\"10\">\n<p>\u201cNossas recomenda\u00e7\u00f5es [em transi\u00e7\u00e3o energ\u00e9tica e desenvolvimento sustent\u00e1vel] abordaram temas como: seguran\u00e7a alimentar e agricultura sustent\u00e1vel; agricultura regenerativa e restaura\u00e7\u00e3o de terras; combust\u00edveis e avia\u00e7\u00e3o sustent\u00e1vel, o SAF; energias renov\u00e1veis e economia circular; e a descarboniza\u00e7\u00e3o das cadeias de valor e tecnologias verdes\u201d, disse Neto.<\/p>\n<\/blockquote>\n<p>Segundo o vice-presidente da Rep\u00fablica, Geraldo Alckmin, nos \u00faltimos dez anos, os encontros do Brics se transformaram num grande e importante protagonista da geopol\u00edtica mundial.<strong> \u201cOs Brics s\u00e3o o motor da economia mundial.\u00a0Eles representam mais de 40% do PIB (Produto Interno Bruto) do mundo e crescem bem acima da m\u00e9dia mundial. Portanto, s\u00e3o promotores do desenvolvimento mundial\u00a0, disse.<\/strong><\/p>\n<p><strong>Alckin destacou a import\u00e2ncia do encontro de empres\u00e1rios, para promover \u201cas oportunidades de investimentos rec\u00edprocos entre os nossos pa\u00edses, o fortalecimento do com\u00e9rcio exterior e o incentivo \u00e0 inova\u00e7\u00e3o para podermos avan\u00e7ar ainda mais\u201d.<\/strong><\/p>\n<h2>Mulheres<\/h2>\n<p>Outro objetivo do F\u00f3rum de Empres\u00e1rios \u00e9 ampliar a participa\u00e7\u00e3o das mulheres na economia desses pa\u00edses. Segundo a presidente da Alian\u00e7a Empresarial das Mulheres do Brics, Monica Monteiro, apenas 15% das empresas que atuam internacionalmente no mundo s\u00e3o lideradas por mulheres. E elas enfrentam obst\u00e1culos no acesso ao cr\u00e9dito.<\/p>\n<blockquote wp_automatic_readability=\"12\">\n<p>\u201cPara a gente conseguir escalar, a gente vai precisar de recurso. Para ter recurso, a gente precisa realmente de linhas que sejam direcionadas para mulher. Porque quando abre uma linha, as empresas maiores v\u00e3o l\u00e1 e elas j\u00e1 s\u00e3o lideradas por homem. A gente tem que ter realmente metas para poder atingir esse n\u00famero\u201d, afirmou Monica.<\/p>\n<\/blockquote>\n<\/div>\n","protected":false},"excerpt":{"rendered":"<p>Empres\u00e1rios dos pa\u00edses que comp\u00f5em o Brics se re\u00fanem neste s\u00e1bado (5), no Rio de Janeiro, um dia antes da<\/p>\n","protected":false},"author":2,"featured_media":0,"comment_status":"","ping_status":"","sticky":false,"template":"","format":"standard","meta":{"colormag_page_container_layout":"default_layout","colormag_page_sidebar_layout":"default_layout","footnotes":""},"categories":[],"tags":[],"class_list":["post-55355","post","type-post","status-publish","format-standard","hentry"],"_links":{"self":[{"href":"https:\/\/euvivoaselecao.com.br\/index.php\/wp-json\/wp\/v2\/posts\/55355","targetHints":{"allow":["GET"]}}],"collection":[{"href":"https:\/\/euvivoaselecao.com.br\/index.php\/wp-json\/wp\/v2\/posts"}],"about":[{"href":"https:\/\/euvivoaselecao.com.br\/index.php\/wp-json\/wp\/v2\/types\/post"}],"author":[{"embeddable":true,"href":"https:\/\/euvivoaselecao.com.br\/index.php\/wp-json\/wp\/v2\/users\/2"}],"replies":[{"embeddable":true,"href":"https:\/\/euvivoaselecao.com.br\/index.php\/wp-json\/wp\/v2\/comments?post=55355"}],"version-history":[{"count":0,"href":"https:\/\/euvivoaselecao.com.br\/index.php\/wp-json\/wp\/v2\/posts\/55355\/revisions"}],"wp:attachment":[{"href":"https:\/\/euvivoaselecao.com.br\/index.php\/wp-json\/wp\/v2\/media?parent=55355"}],"wp:term":[{"taxonomy":"category","embeddable":true,"href":"https:\/\/euvivoaselecao.com.br\/index.php\/wp-json\/wp\/v2\/categories?post=55355"},{"taxonomy":"post_tag","embeddable":true,"href":"https:\/\/euvivoaselecao.com.br\/index.php\/wp-json\/wp\/v2\/tags?post=55355"}],"curies":[{"name":"wp","href":"https:\/\/api.w.org\/{rel}","templated":true}]}}