{"id":55365,"date":"2025-07-05T17:01:00","date_gmt":"2025-07-05T20:01:00","guid":{"rendered":"https:\/\/euvivoaselecao.com.br\/index.php\/2025\/07\/05\/agencia-minas-gerais-governo-de-minas-fortalece-gestao-publica-durante-encontro-de-controladorias-e-ouvidorias-em-itabira\/"},"modified":"2025-07-05T17:01:00","modified_gmt":"2025-07-05T20:01:00","slug":"agencia-minas-gerais-governo-de-minas-fortalece-gestao-publica-durante-encontro-de-controladorias-e-ouvidorias-em-itabira","status":"publish","type":"post","link":"https:\/\/euvivoaselecao.com.br\/index.php\/2025\/07\/05\/agencia-minas-gerais-governo-de-minas-fortalece-gestao-publica-durante-encontro-de-controladorias-e-ouvidorias-em-itabira\/","title":{"rendered":"Ag\u00eancia Minas Gerais | Governo de Minas fortalece gest\u00e3o p\u00fablica durante encontro de Controladorias e Ouvidorias em Itabira"},"content":{"rendered":"<p><\/p>\n<div>\n<section class=\"news-related \/ col-md-4 col-lg-3 \/ margin-md-bottom-2 margin-left-1 \/ pull-right \/ hidden-xs hidden-sm\">\n<header>\n<p class=\"text-title-section \/ margin-bottom-1\">Relacionadas<\/p>\n<\/header>\n<p>\t\t\t\t\t\t\t<main><\/p>\n<hr class=\"row margin-md-bottom-2\"\/>\n\t\t\t\t\t\t\t<\/main><br \/>\n\t\t\t\t\t\t<\/section>\n<p>O Governo de Minas, por meio da Ouvidoria-Geral (OGE\/MG) e da Controladoria-Geral do Estado (CGE-MG), promoveu palestras e oficinas no 1\u00ba Encontro Regional de Controladorias e Ouvidorias do M\u00e9dio Piracicaba, realizado em Itabira, cidade que\u00a0integra o programa A Voz dos Mineiros, da OGE\/MG, e o Conselho Estadual de Controle Interno de Minas Gerais (Coneci-MG).<\/p>\n<p>Organizado pela Prefeitura de Itabira nessa quinta-feira (3\/7), o encontro teve a participa\u00e7\u00e3o de servidores p\u00fablicos, auditores, controladores, corregedores, ouvidores, gestores e representantes do controle social interessados em fortalecer os mecanismos de controle e participa\u00e7\u00e3o cidad\u00e3 na administra\u00e7\u00e3o p\u00fablica.<\/p>\n<p>Para a ouvidora-geral do Estado, Gabriela Siqueira, o evento \u00e9 fundamental para refor\u00e7ar a import\u00e2ncia do di\u00e1logo aberto entre a administra\u00e7\u00e3o p\u00fablica e a sociedade. Na palestra &#8220;Ouvidoria como Ferramenta de Gest\u00e3o&#8221;, ela destacou o papel estrat\u00e9gico da OGE\/MG na escuta ativa da sociedade e na contribui\u00e7\u00e3o para o aprimoramento das pol\u00edticas p\u00fablicas.<br \/>&#13;<br \/>\n\u00a0<\/p>\n<table align=\"center\" border=\"0\" cellpadding=\"1\" cellspacing=\"1\" style=\"width: 100%;\">&#13;<\/p>\n<tbody>&#13;<\/p>\n<tr>&#13;<\/p>\n<td colspan=\"5\" style=\"text-align: center; vertical-align: middle;\">&#13;<\/p>\n<p style=\"text-align:center\">\n<p>&#13;\n\t\t\t<\/td>\n<p>&#13;<br \/>\n\t\t<\/tr>\n<p>&#13;<\/p>\n<tr>&#13;<\/p>\n<td style=\"text-align: center; vertical-align: middle;\">\u00a0<\/td>\n<p>&#13;<\/p>\n<td colspan=\"3\" rowspan=\"3\" style=\"text-align: center; vertical-align: middle;\">&#13;<br \/>\n\t\t\t&#13;\n\t\t\t<\/td>\n<p>&#13;<\/p>\n<td style=\"text-align: center; vertical-align: middle;\">\u00a0<\/td>\n<p>&#13;<br \/>\n\t\t<\/tr>\n<p>&#13;<\/p>\n<tr>&#13;<\/p>\n<td style=\"text-align: center; vertical-align: middle;\">\u00a0<\/td>\n<p>&#13;<\/p>\n<td style=\"text-align: center; vertical-align: middle;\">\u00a0<\/td>\n<p>&#13;<br \/>\n\t\t<\/tr>\n<p>&#13;<\/p>\n<tr>&#13;<\/p>\n<td style=\"text-align: center; vertical-align: middle;\">\u00a0<\/td>\n<p>&#13;<\/p>\n<td style=\"text-align: center; vertical-align: middle;\">\u00a0<\/td>\n<p>&#13;<br \/>\n\t\t<\/tr>\n<p>&#13;<\/p>\n<tr>&#13;<\/p>\n<td colspan=\"5\" style=\"text-align: center; vertical-align: middle;\">&#13;<\/p>\n<p style=\"text-align:center\">\n<p>&#13;\n\t\t\t<\/td>\n<p>&#13;<br \/>\n\t\t<\/tr>\n<p>&#13;<br \/>\n\t<\/tbody>\n<p>&#13;<br \/>\n<\/table>\n<p>&#13;<br \/>\nJ\u00e1 o controlador-geral do Estado de Minas Gerais, Rodrigo Fontenelle, trouxe os principais conceitos de gest\u00e3o de riscos e apresentou o UAI Risk, ferramenta desenvolvida pela CGE-MG e que permite a execu\u00e7\u00e3o de todo o processo de gerenciamento de riscos de forma automatizada.<br \/>&#13;<br \/>\n\u00a0<\/p>\n<table align=\"center\" border=\"0\" cellpadding=\"1\" cellspacing=\"1\" style=\"width: 100%;\">&#13;<\/p>\n<tbody>&#13;<\/p>\n<tr>&#13;<\/p>\n<td colspan=\"5\" style=\"text-align: center; vertical-align: middle;\">&#13;<\/p>\n<p style=\"text-align:center\">\n<p>&#13;\n\t\t\t<\/td>\n<p>&#13;<br \/>\n\t\t<\/tr>\n<p>&#13;<\/p>\n<tr>&#13;<\/p>\n<td style=\"text-align: center; vertical-align: middle;\">\u00a0<\/td>\n<p>&#13;<\/p>\n<td colspan=\"3\" rowspan=\"3\" style=\"text-align: center; vertical-align: middle;\">&#13;<br \/>\n\t\t\t&#13;\n\t\t\t<\/td>\n<p>&#13;<\/p>\n<td style=\"text-align: center; vertical-align: middle;\">\u00a0<\/td>\n<p>&#13;<br \/>\n\t\t<\/tr>\n<p>&#13;<\/p>\n<tr>&#13;<\/p>\n<td style=\"text-align: center; vertical-align: middle;\">\u00a0<\/td>\n<p>&#13;<\/p>\n<td style=\"text-align: center; vertical-align: middle;\">\u00a0<\/td>\n<p>&#13;<br \/>\n\t\t<\/tr>\n<p>&#13;<\/p>\n<tr>&#13;<\/p>\n<td style=\"text-align: center; vertical-align: middle;\">\u00a0<\/td>\n<p>&#13;<\/p>\n<td style=\"text-align: center; vertical-align: middle;\">\u00a0<\/td>\n<p>&#13;<br \/>\n\t\t<\/tr>\n<p>&#13;<\/p>\n<tr>&#13;<\/p>\n<td colspan=\"5\" style=\"text-align: center; vertical-align: middle;\">&#13;<\/p>\n<p style=\"text-align:center\">\n<p>&#13;\n\t\t\t<\/td>\n<p>&#13;<br \/>\n\t\t<\/tr>\n<p>&#13;<br \/>\n\t<\/tbody>\n<p>&#13;<br \/>\n<\/table>\n<p>&#13;<br \/>\nDurante o\u00a01\u00ba Encontro Regional de Controladorias e Ouvidorias do M\u00e9dio Piracicaba,\u00a0OGE\/MG e CGE\/MG promoveram duas oficinas pr\u00e1ticas, com a ouvidora de Preven\u00e7\u00e3o e Combate \u00e0 Corrup\u00e7\u00e3o da OGE\/MG, Danuza Paiva (Prote\u00e7\u00e3o ao Denunciante), e com o auditor-geral da CGE\/MG, Igor Martins da Costa (Processo de Auditoria).<\/p>\n<p><strong>A Voz dos Mineiros<\/strong><\/p>\n<p>Al\u00e9m de fornecer consultoria e capacita\u00e7\u00e3o, o programa A Voz dos Mineiros da OGE\/MG promove um ambiente em que os cidad\u00e3os se sentem valorizados e seguros para se manifestar.<\/p>\n<p>A proposta busca n\u00e3o apenas atender a legisla\u00e7\u00e3o, mas tamb\u00e9m fomentar uma cultura de transpar\u00eancia e participa\u00e7\u00e3o, assegurando que as vozes dos mineiros sejam ouvidas e consideradas na formula\u00e7\u00e3o de pol\u00edticas p\u00fablicas. Atualmente, a iniciativa j\u00e1 re\u00fane 52 cidades mineiras, dentre elas Itabira, comprometidas com a rede que apoia a cria\u00e7\u00e3o e o fortalecimento das ouvidorias p\u00fablicas.<\/p>\n<p><strong>Coneci-MG<\/strong><\/p>\n<p>O Conselho Estadual de Controle Interno de Minas Gerais (Coneci-MG) \u00e9 um \u00f3rg\u00e3o colegiado, que tem como objetivo principal estruturar os mecanismos de controle das prefeituras e c\u00e2maras, contribuindo para o desenvolvimento econ\u00f4mico e social em todos os 853 munic\u00edpios mineiros. Atualmente, o Coneci-MG possui 123 membros afiliados e est\u00e1 presente em 105 munic\u00edpios, incluindo Itabira.<\/p>\n<\/p><\/div>\n","protected":false},"excerpt":{"rendered":"<p>Relacionadas O Governo de Minas, por meio da Ouvidoria-Geral (OGE\/MG) e da Controladoria-Geral do Estado (CGE-MG), promoveu palestras e oficinas<\/p>\n","protected":false},"author":1,"featured_media":0,"comment_status":"","ping_status":"","sticky":false,"template":"","format":"standard","meta":{"colormag_page_container_layout":"default_layout","colormag_page_sidebar_layout":"default_layout","footnotes":""},"categories":[1],"tags":[],"class_list":["post-55365","post","type-post","status-publish","format-standard","hentry","category-sem-categoria"],"_links":{"self":[{"href":"https:\/\/euvivoaselecao.com.br\/index.php\/wp-json\/wp\/v2\/posts\/55365","targetHints":{"allow":["GET"]}}],"collection":[{"href":"https:\/\/euvivoaselecao.com.br\/index.php\/wp-json\/wp\/v2\/posts"}],"about":[{"href":"https:\/\/euvivoaselecao.com.br\/index.php\/wp-json\/wp\/v2\/types\/post"}],"author":[{"embeddable":true,"href":"https:\/\/euvivoaselecao.com.br\/index.php\/wp-json\/wp\/v2\/users\/1"}],"replies":[{"embeddable":true,"href":"https:\/\/euvivoaselecao.com.br\/index.php\/wp-json\/wp\/v2\/comments?post=55365"}],"version-history":[{"count":0,"href":"https:\/\/euvivoaselecao.com.br\/index.php\/wp-json\/wp\/v2\/posts\/55365\/revisions"}],"wp:attachment":[{"href":"https:\/\/euvivoaselecao.com.br\/index.php\/wp-json\/wp\/v2\/media?parent=55365"}],"wp:term":[{"taxonomy":"category","embeddable":true,"href":"https:\/\/euvivoaselecao.com.br\/index.php\/wp-json\/wp\/v2\/categories?post=55365"},{"taxonomy":"post_tag","embeddable":true,"href":"https:\/\/euvivoaselecao.com.br\/index.php\/wp-json\/wp\/v2\/tags?post=55365"}],"curies":[{"name":"wp","href":"https:\/\/api.w.org\/{rel}","templated":true}]}}