{"id":55367,"date":"2025-07-05T17:04:10","date_gmt":"2025-07-05T20:04:10","guid":{"rendered":"https:\/\/euvivoaselecao.com.br\/index.php\/2025\/07\/05\/haddad-defende-reglobalizacao-sustentavel-e-taxacao-de-super-ricos\/"},"modified":"2025-07-05T17:04:10","modified_gmt":"2025-07-05T20:04:10","slug":"haddad-defende-reglobalizacao-sustentavel-e-taxacao-de-super-ricos","status":"publish","type":"post","link":"https:\/\/euvivoaselecao.com.br\/index.php\/2025\/07\/05\/haddad-defende-reglobalizacao-sustentavel-e-taxacao-de-super-ricos\/","title":{"rendered":"Haddad defende reglobaliza\u00e7\u00e3o sustent\u00e1vel e taxa\u00e7\u00e3o de super-ricos"},"content":{"rendered":"<p><\/p>\n<div wp_automatic_readability=\"104.31535066209\">\n<p><strong>O ministro da Fazenda, Fernando Haddad, defendeu, neste s\u00e1bado (5), o que chamou de reglobaliza\u00e7\u00e3o sustent\u00e1vel, \u201cuma nova aposta na globaliza\u00e7\u00e3o, dessa vez baseada no desenvolvimento social, econ\u00f4mico e ambiental da humanidade como um todo\u201d, <\/strong>disse no discurso de abertura da Reuni\u00e3o de Ministros de Finan\u00e7as e Presidentes de Banco Centrais do Brics.<\/p>\n<p>O ministro tamb\u00e9m manifestou apoio ao estabelecimento de uma Conven\u00e7\u00e3o-Quadro das Na\u00e7\u00f5es Unidas sobre Coopera\u00e7\u00e3o Internacional em Mat\u00e9ria Tribut\u00e1ria, ou seja, um acordo tribut\u00e1rio global mais justo. <strong>\u201cTrata-se de um passo decisivo rumo a um sistema tribut\u00e1rio global mais inclusivo, justo, eficaz e representativo \u2013 uma condi\u00e7\u00e3o para que os super-ricos do mundo todo finalmente paguem sua justa contribui\u00e7\u00e3o em impostos\u201d, afirmou.<\/strong><\/p>\n<p>Segundo o ministro, o Brics, tem origem no pleito dos pa\u00edses membros por maior peso no sistema financeiro internacional. <strong>Pa\u00edses que, juntos, representam quase a metade de toda a humanidade. \u201cNenhum outro foro possui hoje maior legitimidade para defender uma nova forma de globaliza\u00e7\u00e3o\u201d, disse Haddad.<\/strong><\/p>\n<p><strong>Reuni\u00e3o anual da SBPC chega ao Recife com debate in\u00e9dito sobre g\u00eanero<\/strong><\/p>\n<p><strong>Mostra Ind\u00edgena em SP exibe filmes de diretores de diversas etnias<\/strong><\/p>\n<p>Haddad tamb\u00e9m relembrou o papel do Brasil \u00e0 frente do G20, quando encabe\u00e7ou o lan\u00e7amento da Alian\u00e7a Global contra a Fome e a Pobreza, e, desde ent\u00e3o, manifestou-se<strong> \u201cem defesa da tributa\u00e7\u00e3o progressiva dos super-ricos. <\/strong>J\u00e1 naquele momento, <strong>fizemos da defesa do multilateralismo uma marca da presid\u00eancia brasileira. De l\u00e1 para c\u00e1, essa defesa se tornou urgente. N\u00e3o h\u00e1 solu\u00e7\u00e3o individual para os desafios do mundo contempor\u00e2neo\u201d.<\/strong><\/p>\n<p>De acordo com o ministro, nenhum pa\u00eds isoladamente, por mais poderoso que seja, \u201cpode dar uma resposta efetiva ao aquecimento global, ou atender as leg\u00edtimas aspira\u00e7\u00f5es da maior parte da humanidade por uma vida digna. <strong>A perspectiva de criar ilhas excludentes de prosperidade em meio \u00e0 policrise contempor\u00e2nea \u00e9 moralmente inaceit\u00e1vel<\/strong>. Em vez disso<strong>, temos que encontrar solu\u00e7\u00f5es cooperativas para os nossos desafios comuns\u201d, destacou.<\/strong><\/p>\n<p>Em rela\u00e7\u00e3o a <strong>crise clim\u00e1tica, Haddad ressaltou que os pa\u00edses do Brics est\u00e3o \u201cdesenvolvendo instrumentos inovadores para acelerar a transforma\u00e7\u00e3o ecol\u00f3gica\u201d.<\/strong> Ele tamb\u00e9m destacou as discuss\u00f5es sobre a\u00a0cria\u00e7\u00e3o do Fundo Florestas Tropicais para Sempre (TFFF, na sigla em ingl\u00eas), com objetivo de movimentar economias de baixo carbono. <strong>Pa\u00edses ricos, com hist\u00f3rico poluente muito superior aos demais, teriam de se comprometer a investir mais recursos na manuten\u00e7\u00e3o do fundo.<\/strong><\/p>\n<blockquote wp_automatic_readability=\"15.255813953488\">\n<p>\u201cNos \u00faltimos dias, conversamos muito sobre o Tropical Forest Forever Facility. Estou convencido de que o Brics pode desempenhar um papel decisivo em sua cria\u00e7\u00e3o, com um an\u00fancio de grande impacto durante a COP 30 [30\u00aa Confer\u00eancia das Na\u00e7\u00f5es Unidas sobre Mudan\u00e7a do Clima]\u201d, disse. \u201cEm parceria com o Brics, almejamos consolidar-nos como um porto seguro em um mundo cada vez mais inst\u00e1vel. Serenidade e ambi\u00e7\u00e3o, s\u00e3o, portanto, as marcas da nossa presid\u00eancia\u201d, acrescentou.<\/p>\n<p><strong>Idoso cai no chuveiro e fica 16 horas no ch\u00e3o at\u00e9 que gato adotado salva sua vida<\/strong><\/p>\n<p><strong>Pesquisa com coautoria da USP pode avan\u00e7ar tratamento de doen\u00e7a rara<\/strong><\/p>\n<\/blockquote>\n<h2>Brics<\/h2>\n<p>O Brics\u00a0\u00e9 um bloco que re\u00fane representantes de 11 pa\u00edses membros permanentes: Brasil, R\u00fassia, \u00cdndia, China, \u00c1frica do Sul, Ir\u00e3, Ar\u00e1bia Saudita, Egito, Eti\u00f3pia, Emirados \u00c1rabes Unidos e Indon\u00e9sia.\u00a0Tamb\u00e9m participam os pa\u00edses parceiros: Belarus, Bol\u00edvia, Cazaquist\u00e3o, Tail\u00e2ndia, Cuba, Uganda, Mal\u00e1sia, Nig\u00e9ria, Vietn\u00e3 e Uzbequist\u00e3o. <strong>Sob a presid\u00eancia do Brasil, a 17\u00aa Reuni\u00e3o de C\u00fapula do Brics ocorre no Rio de Janeiro nos dias 6 e 7 de julho.<\/strong><\/p>\n<p>Os 11 pa\u00edses representam 39% da economia mundial,\u00a048,5% da popula\u00e7\u00e3o do planeta e 23% do com\u00e9rcio global. <strong>Em 2024, pa\u00edses do Brics receberam 36% de tudo que foi exportado pelo Brasil, enquanto n\u00f3s compramos desses pa\u00edses 34% do total do que importamos.<\/strong><\/p>\n<p>\u00a0<\/p>\n<\/div>\n","protected":false},"excerpt":{"rendered":"<p>O ministro da Fazenda, Fernando Haddad, defendeu, neste s\u00e1bado (5), o que chamou de reglobaliza\u00e7\u00e3o sustent\u00e1vel, \u201cuma nova aposta na<\/p>\n","protected":false},"author":2,"featured_media":0,"comment_status":"","ping_status":"","sticky":false,"template":"","format":"standard","meta":{"colormag_page_container_layout":"default_layout","colormag_page_sidebar_layout":"default_layout","footnotes":""},"categories":[],"tags":[],"class_list":["post-55367","post","type-post","status-publish","format-standard","hentry"],"_links":{"self":[{"href":"https:\/\/euvivoaselecao.com.br\/index.php\/wp-json\/wp\/v2\/posts\/55367","targetHints":{"allow":["GET"]}}],"collection":[{"href":"https:\/\/euvivoaselecao.com.br\/index.php\/wp-json\/wp\/v2\/posts"}],"about":[{"href":"https:\/\/euvivoaselecao.com.br\/index.php\/wp-json\/wp\/v2\/types\/post"}],"author":[{"embeddable":true,"href":"https:\/\/euvivoaselecao.com.br\/index.php\/wp-json\/wp\/v2\/users\/2"}],"replies":[{"embeddable":true,"href":"https:\/\/euvivoaselecao.com.br\/index.php\/wp-json\/wp\/v2\/comments?post=55367"}],"version-history":[{"count":0,"href":"https:\/\/euvivoaselecao.com.br\/index.php\/wp-json\/wp\/v2\/posts\/55367\/revisions"}],"wp:attachment":[{"href":"https:\/\/euvivoaselecao.com.br\/index.php\/wp-json\/wp\/v2\/media?parent=55367"}],"wp:term":[{"taxonomy":"category","embeddable":true,"href":"https:\/\/euvivoaselecao.com.br\/index.php\/wp-json\/wp\/v2\/categories?post=55367"},{"taxonomy":"post_tag","embeddable":true,"href":"https:\/\/euvivoaselecao.com.br\/index.php\/wp-json\/wp\/v2\/tags?post=55367"}],"curies":[{"name":"wp","href":"https:\/\/api.w.org\/{rel}","templated":true}]}}