{"id":55399,"date":"2025-07-06T01:30:18","date_gmt":"2025-07-06T04:30:18","guid":{"rendered":"https:\/\/euvivoaselecao.com.br\/index.php\/2025\/07\/06\/volei-sub-21-feminino-garante-2a-vitoria-nos-jogos-regionais\/"},"modified":"2025-07-06T01:30:18","modified_gmt":"2025-07-06T04:30:18","slug":"volei-sub-21-feminino-garante-2a-vitoria-nos-jogos-regionais","status":"publish","type":"post","link":"https:\/\/euvivoaselecao.com.br\/index.php\/2025\/07\/06\/volei-sub-21-feminino-garante-2a-vitoria-nos-jogos-regionais\/","title":{"rendered":"V\u00f4lei Sub-21 feminino garante 2\u00aa vit\u00f3ria nos Jogos Regionais"},"content":{"rendered":"<p><\/p>\n<div>\n<p><b>Lucas Lemes<\/b><br \/>&#13;<br \/>\n&#13;<br \/>\n                <span style=\"font-weight: bold;\">Esporte e Qualidade de Vida<\/span><\/p>\n<p>A equipe feminina sub-21 do V\u00f4lei S\u00e3o Jos\u00e9 garantiu mais uma vit\u00f3ria nos Jogos Regionais ao derrotar o S\u00e3o Sebasti\u00e3o por 2 sets a 0, na noite deste s\u00e1bado (5), no Gin\u00e1sio de Esportes Parque Industrial, em S\u00e3o Jos\u00e9 dos Campos. As parciais foram 25\/16 e 25\/20.<\/p>\n<p>Dominantes desde o in\u00edcio, as meninas do S\u00e3o Jos\u00e9 demonstraram entrosamento e for\u00e7a agressiva para garantir uma vit\u00f3ria consistente diante da torcida. O primeiro set foi marcado por uma atua\u00e7\u00e3o s\u00f3lida no saque e bons contra-ataques, fechando em 25 a 16. No segundo set, S\u00e3o Sebasti\u00e3o tentou reagir, mas a equipe joseense manteve o ritmo e venceu por 25 a 20.<\/p>\n<p>Com o resultado, o V\u00f4lei S\u00e3o Jos\u00e9 conquista a segunda vit\u00f3ria consecutiva na competi\u00e7\u00e3o e j\u00e1 se prepara para o pr\u00f3ximo desafio. O hor\u00e1rio volta \u00e0 quadra neste domingo (6), \u00e0s 19h, no Teatr\u00e3o, onde enfrentar\u00e1 Biritiba Mirim pela terceira rodada da fase classificat\u00f3ria.<\/p>\n<p>Os Jogos Regionais 2025 seguem movimentando o cen\u00e1rio esportivo do Vale do Para\u00edba, e a equipe sub-21 feminina de S\u00e3o Jos\u00e9 promete continuar firme na busca do t\u00edtulo.<\/p>\n<p><span class=\"intertitulo\">Masculino sub-21<br \/><\/span><\/p>\n<p><span class=\"intertitulo\"><\/span><\/p>\n<p>Tamb\u00e9m no Parque Industrial, a equipe masculina sub-21 do V\u00f4lei S\u00e3o Jos\u00e9 esteve em quadra e venceu Santa Branca com tranquilidade, 2 sets a 0, parciais de 25\/09 e 25\/14. A partida aconteceu \u00e0s 19h, logo ap\u00f3s a vit\u00f3ria do time feminino.<\/p>\n<p>Os garotos do S\u00e3o Jos\u00e9 impuseram ritmo desde o in\u00edcio, controlando a partida sem dar chances ao advers\u00e1rio.<\/p>\n<p>A equipe volta \u00e0 quadra neste domingo (6), \u00e0s 18h, para enfrentar o Paraibuna, no Teatr\u00e3o, em busca da terceira vit\u00f3ria nos Jogos Regionais.<\/p>\n<p>\u00a0<\/p>\n<p>&#13;<br \/>\n                        <strong>MAIS NOT\u00cdCIAS<\/strong><br \/>&#13;<br \/>\n                        Esporte e Qualidade de Vida&#13;\n                    <\/p>\n<\/p><\/div>\n","protected":false},"excerpt":{"rendered":"<p>Lucas Lemes&#13; &#13; Esporte e Qualidade de Vida A equipe feminina sub-21 do V\u00f4lei S\u00e3o Jos\u00e9 garantiu mais uma vit\u00f3ria<\/p>\n","protected":false},"author":1,"featured_media":0,"comment_status":"","ping_status":"","sticky":false,"template":"","format":"standard","meta":{"colormag_page_container_layout":"default_layout","colormag_page_sidebar_layout":"default_layout","footnotes":""},"categories":[1],"tags":[],"class_list":["post-55399","post","type-post","status-publish","format-standard","hentry","category-sem-categoria"],"_links":{"self":[{"href":"https:\/\/euvivoaselecao.com.br\/index.php\/wp-json\/wp\/v2\/posts\/55399","targetHints":{"allow":["GET"]}}],"collection":[{"href":"https:\/\/euvivoaselecao.com.br\/index.php\/wp-json\/wp\/v2\/posts"}],"about":[{"href":"https:\/\/euvivoaselecao.com.br\/index.php\/wp-json\/wp\/v2\/types\/post"}],"author":[{"embeddable":true,"href":"https:\/\/euvivoaselecao.com.br\/index.php\/wp-json\/wp\/v2\/users\/1"}],"replies":[{"embeddable":true,"href":"https:\/\/euvivoaselecao.com.br\/index.php\/wp-json\/wp\/v2\/comments?post=55399"}],"version-history":[{"count":0,"href":"https:\/\/euvivoaselecao.com.br\/index.php\/wp-json\/wp\/v2\/posts\/55399\/revisions"}],"wp:attachment":[{"href":"https:\/\/euvivoaselecao.com.br\/index.php\/wp-json\/wp\/v2\/media?parent=55399"}],"wp:term":[{"taxonomy":"category","embeddable":true,"href":"https:\/\/euvivoaselecao.com.br\/index.php\/wp-json\/wp\/v2\/categories?post=55399"},{"taxonomy":"post_tag","embeddable":true,"href":"https:\/\/euvivoaselecao.com.br\/index.php\/wp-json\/wp\/v2\/tags?post=55399"}],"curies":[{"name":"wp","href":"https:\/\/api.w.org\/{rel}","templated":true}]}}