{"id":55406,"date":"2025-07-06T02:54:34","date_gmt":"2025-07-06T05:54:34","guid":{"rendered":"https:\/\/euvivoaselecao.com.br\/index.php\/2025\/07\/06\/festival-da-cancao-das-escolas-estaduais-de-ms-tem-inscricoes-prorrogadas-ate-11-de-julho\/"},"modified":"2025-07-06T02:54:34","modified_gmt":"2025-07-06T05:54:34","slug":"festival-da-cancao-das-escolas-estaduais-de-ms-tem-inscricoes-prorrogadas-ate-11-de-julho","status":"publish","type":"post","link":"https:\/\/euvivoaselecao.com.br\/index.php\/2025\/07\/06\/festival-da-cancao-das-escolas-estaduais-de-ms-tem-inscricoes-prorrogadas-ate-11-de-julho\/","title":{"rendered":"Festival da Can\u00e7\u00e3o das Escolas Estaduais de MS tem inscri\u00e7\u00f5es prorrogadas at\u00e9 11 de julho"},"content":{"rendered":"<p><\/p>\n<div>\n<p style=\"text-align: center;\"><em>Com a\u00e7\u00f5es culturais nas escolas, projeto Intervalo Musical amplia a divulga\u00e7\u00e3o do IV Festival e incentiva mais estudantes a participarem da edi\u00e7\u00e3o 2025 do Pr\u00eamio Helena Meirelles<\/em><\/p>\n<p>Os estudantes da REE (Rede Estadual de Ensino) ganharam mais tempo para mostrar seu talento musical. A SED (Secretaria de Estado de Educa\u00e7\u00e3o) prorrogou at\u00e9 o dia 11 de julho as inscri\u00e7\u00f5es para o IV Festival da Can\u00e7\u00e3o das Escolas Estaduais \u2013 Pr\u00eamio Helena Meirelles, iniciativa que tem revelado talentos e valorizado a express\u00e3o art\u00edstica nas unidades escolares.<\/p>\n<p>A decis\u00e3o veio acompanhada de uma s\u00e9rie de a\u00e7\u00f5es promovidas pelo projeto Intervalo Musical, que tem percorrido escolas da capital levando apresenta\u00e7\u00f5es ao vivo durante os recreios. A proposta busca aproximar os estudantes do festival por meio de uma viv\u00eancia art\u00edstica direta, incentivando-os a inscrever suas composi\u00e7\u00f5es autorais e mostrar sua voz.<\/p>\n<p>Na EE Prof\u00aa Joelina de Almeida Xavier, uma das escolas contempladas, os alunos foram recepcionados com m\u00fasica e entusiasmo. O professor e t\u00e9cnico do NUAC, Edclei Calado, acompanhado da cantora Izabele Acunha, comandou a apresenta\u00e7\u00e3o que animou o intervalo. A a\u00e7\u00e3o integra o esfor\u00e7o da SED, por meio do NUAC (N\u00facleo de Arte e Cultura), para divulgar de forma criativa e inspiradora o festival.<\/p>\n<p>De acordo com o gestor do NUAC, Prof. Dr. F\u00e1bio Germano da Silva, o projeto vai al\u00e9m da divulga\u00e7\u00e3o.<\/p>\n<p>\u201cO Intervalo Musical \u00e9 um palco para despertar talentos e criar conex\u00f5es. \u00c9 uma forma inovadora de engajar nossos estudantes na produ\u00e7\u00e3o art\u00edstica e divulgar, de forma envolvente, o Festival da Can\u00e7\u00e3o. \u201d<\/p>\n<p>O superintendente da SUPRE, Davi de Oliveira Santos, refor\u00e7a o valor pedag\u00f3gico da iniciativa.<\/p>\n<p>\u201cA arte tem um papel essencial na forma\u00e7\u00e3o dos nossos jovens. Iniciativas como essa mostram como a escola pode ser um espa\u00e7o de escuta, protagonismo e inclus\u00e3o\u201d.<\/p>\n<p><strong>Festival da Can\u00e7\u00e3o: arte como transforma\u00e7\u00e3o<\/strong><\/p>\n<p>Destinado exclusivamente aos alunos da REE, o IV Festival da Can\u00e7\u00e3o tem como objetivo valorizar a produ\u00e7\u00e3o musical estudantil e utilizar a arte como instrumento de educa\u00e7\u00e3o, transforma\u00e7\u00e3o social e constru\u00e7\u00e3o de identidade.<\/p>\n<p>Neste ano, o tema escolhido foi \u201cArte e Cultura pela Paz: Caminhos para uma Conviv\u00eancia Harm\u00f4nica\u201d, que prop\u00f5e um olhar sens\u00edvel e necess\u00e1rio sobre empatia, respeito, inclus\u00e3o e resolu\u00e7\u00e3o de conflitos. A proposta incentiva os participantes a refletirem sobre a sociedade que desejam construir, dentro e fora do ambiente escolar.<\/p>\n<p>A t\u00e9cnica de eventos do NUAC, Alessandra Rodrigues, destaca que a prorroga\u00e7\u00e3o das inscri\u00e7\u00f5es tem o prop\u00f3sito de ampliar as oportunidades.<\/p>\n<p>\u201cCada edi\u00e7\u00e3o nos revela estudantes com hist\u00f3rias e vozes potentes. Ampliar o prazo \u00e9 abrir espa\u00e7o para que mais talentos possam surgir e transformar a escola num verdadeiro palco de diversidade art\u00edstica\u201d.<\/p>\n<p><strong>Homenagem \u00e0 mestra da viola<\/strong><\/p>\n<p>O festival presta homenagem \u00e0 violeira sul-mato-grossense Helena Meirelles, considerada uma das maiores representantes da m\u00fasica regional brasileira. Helena desafiou padr\u00f5es, rompeu barreiras de g\u00eanero e se consolidou como uma das principais instrumentistas do pa\u00eds. Sua trajet\u00f3ria de supera\u00e7\u00e3o e talento inspira jovens artistas a explorarem sua pr\u00f3pria voz por meio da composi\u00e7\u00e3o autoral.<\/p>\n<p><strong>Pr\u00f3ximas apresenta\u00e7\u00f5es do Intervalo Musical<\/strong><\/p>\n<p>A programa\u00e7\u00e3o do projeto segue at\u00e9 o dia 9 de julho. Confira os pr\u00f3ximos encontros:<\/p>\n<p>07\/07 \u2013 9h30 \u2013 EE Prof\u00aa Maria de Lourdes Toledo Areias<\/p>\n<p>09\/07 \u2013 9h30 \u2013 Ceep H\u00e9rcules Maymone<\/p>\n<p><strong>Como participar<\/strong><\/p>\n<p>As inscri\u00e7\u00f5es devem ser feitas at\u00e9 o dia 11 de julho, exclusivamente pelo link: \u00a0https:\/\/doity.com.br\/festivaldacancaodasescolasestaduaisdems2025<\/p>\n<p>No site oficial do evento, os participantes t\u00eam acesso ao regulamento completo, crit\u00e9rios de avalia\u00e7\u00e3o e formul\u00e1rios. D\u00favidas podem ser esclarecidas diretamente com a equipe do NUAC pelo telefone ou WhatsApp (67) 99824-8534.<\/p>\n<p>O festival \u00e9 uma realiza\u00e7\u00e3o da SED, por meio do NUAC e da SUPRE, com apoio da Setesc, Funda\u00e7\u00e3o de Cultura de MS, Febafams, Receita Federal, Fadeb\/MS e Sanesul.<\/p>\n<p><strong>Confira aqui como foi o Intervalo Cultural na EE Prof\u00aa Joelina de Almeida Xavier<\/strong><\/p>\n<p><em>Jackeline Oliveira, Comunica\u00e7\u00e3o SED<br \/><\/em><em>Fotos: Ricardo Agra\/SED<\/em><\/p>\n<\/div>\n","protected":false},"excerpt":{"rendered":"<p>Com a\u00e7\u00f5es culturais nas escolas, projeto Intervalo Musical amplia a divulga\u00e7\u00e3o do IV Festival e incentiva mais estudantes a participarem<\/p>\n","protected":false},"author":1,"featured_media":0,"comment_status":"","ping_status":"","sticky":false,"template":"","format":"standard","meta":{"colormag_page_container_layout":"default_layout","colormag_page_sidebar_layout":"default_layout","footnotes":""},"categories":[1],"tags":[],"class_list":["post-55406","post","type-post","status-publish","format-standard","hentry","category-sem-categoria"],"_links":{"self":[{"href":"https:\/\/euvivoaselecao.com.br\/index.php\/wp-json\/wp\/v2\/posts\/55406","targetHints":{"allow":["GET"]}}],"collection":[{"href":"https:\/\/euvivoaselecao.com.br\/index.php\/wp-json\/wp\/v2\/posts"}],"about":[{"href":"https:\/\/euvivoaselecao.com.br\/index.php\/wp-json\/wp\/v2\/types\/post"}],"author":[{"embeddable":true,"href":"https:\/\/euvivoaselecao.com.br\/index.php\/wp-json\/wp\/v2\/users\/1"}],"replies":[{"embeddable":true,"href":"https:\/\/euvivoaselecao.com.br\/index.php\/wp-json\/wp\/v2\/comments?post=55406"}],"version-history":[{"count":0,"href":"https:\/\/euvivoaselecao.com.br\/index.php\/wp-json\/wp\/v2\/posts\/55406\/revisions"}],"wp:attachment":[{"href":"https:\/\/euvivoaselecao.com.br\/index.php\/wp-json\/wp\/v2\/media?parent=55406"}],"wp:term":[{"taxonomy":"category","embeddable":true,"href":"https:\/\/euvivoaselecao.com.br\/index.php\/wp-json\/wp\/v2\/categories?post=55406"},{"taxonomy":"post_tag","embeddable":true,"href":"https:\/\/euvivoaselecao.com.br\/index.php\/wp-json\/wp\/v2\/tags?post=55406"}],"curies":[{"name":"wp","href":"https:\/\/api.w.org\/{rel}","templated":true}]}}