{"id":55418,"date":"2025-07-06T05:42:19","date_gmt":"2025-07-06T08:42:19","guid":{"rendered":"https:\/\/euvivoaselecao.com.br\/index.php\/2025\/07\/06\/coordenadoria-lgbt-presta-orientacao-sobre-retificacao-do-nome-social\/"},"modified":"2025-07-06T05:42:19","modified_gmt":"2025-07-06T08:42:19","slug":"coordenadoria-lgbt-presta-orientacao-sobre-retificacao-do-nome-social","status":"publish","type":"post","link":"https:\/\/euvivoaselecao.com.br\/index.php\/2025\/07\/06\/coordenadoria-lgbt-presta-orientacao-sobre-retificacao-do-nome-social\/","title":{"rendered":"Coordenadoria LGBT presta orienta\u00e7\u00e3o sobre retifica\u00e7\u00e3o do nome social"},"content":{"rendered":"<p><\/p>\n<div>\n<p>Uma das principais conquistas da popula\u00e7\u00e3o LGBTQIAPNB+ \u00e9 o direito \u00e0 retifica\u00e7\u00e3o do nome social para pessoas trans e travestis. A Coordenadoria de Promo\u00e7\u00e3o \u00e0 Cidadania LGBT tem orientado e encaminhado seu p\u00fablico, dando informa\u00e7\u00f5es e explicando quais caminhos seguir para obter o nome social em todos os documentos e de forma gratuita.<\/p>\n<figure class=\"wp-block-gallery has-nested-images columns-default is-cropped wp-block-gallery-1 is-layout-flex wp-block-gallery-is-layout-flex\">\n<figure class=\"wp-block-image size-large\"><\/figure>\n<figure class=\"wp-block-image size-full\"><\/figure>\n<\/figure>\n<p>Elaine Lopes, advogada da Coordenadoria LGBT, explicou que quando chegam demandas sobre este tema, as pessoas s\u00e3o orientadas a procurar a Defensoria P\u00fablica, especificamente o N\u00facleo Especial de Sa\u00fade e a Coordenadoria dos Direitos Homoafetivos da Diversidade Sexual e do Combate \u00e0 Homofobia.<\/p>\n<p>\u201cSempre acolhemos nossos usu\u00e1rios e oferecemos todas as informa\u00e7\u00f5es e damos um encaminhamento. Todos que seguiram esse caminho tiveram uma resolu\u00e7\u00e3o positiva e totalmente gratuita. A Defensoria faz um trabalho primoroso. Estamos sempre chamando a aten\u00e7\u00e3o para esse direito\u201d, acrescentou Elaine.<\/p>\n<p>A retifica\u00e7\u00e3o do nome civil, disse Elaine, \u00e9 um direito fundamental para pessoas trans e travestis, pois representa o reconhecimento legal de sua identidade de g\u00eanero e tem impacto direto em sua dignidade e inclus\u00e3o social. \u201cTrata-se de um passo essencial para que essas pessoas possam viver de forma plena, sendo tratadas pelo nome com o qual se identificam em todos os \u00e2mbitos da vida pessoal, profissional, educacional e institucional\u201d, afirmou.<\/p>\n<p>Para al\u00e9m da cidadania, o nome social reflete no bem-estar e na sa\u00fade mental de quem passa pelo processo autoidentifica\u00e7\u00e3o. \u00c9 o que explica a psic\u00f3loga da Coordenadoria Thamara Bernardino. \u201cTer esse nome reconhecido de forma social e legal vai reduzir o sofrimento ps\u00edquico, vai diminuir as situa\u00e7\u00f5es de constrangimento, de exposi\u00e7\u00e3o, de viol\u00eancia e vai fortalecer esse senso de pertencimento. Ent\u00e3o, \u00e9 um direito que ajuda a construir uma vida mais digna e mais coerente com o que a pessoa realmente \u00e9\u201d, enfatizou.<\/p>\n<p>Dorot Ruanne \u00e9 multiartista, m\u00e3e fundadora da Casa da Baixa Costura, graduanda em Ci\u00eancias Sociais e agente territorial do Programa Nacional de Comit\u00eas de Cultura (PNCC) e traduz tudo o que foi falado pelas especialistas.<\/p>\n<p>\u201cFoi um momento importante pra mim. Eu pude finalmente assinar meu nome como eu me identifico. Na universidade foi um divisor muito bom porque eu j\u00e1 entrei retificada at\u00e9 para evitar algumas transfobias\u201d, contou Dorot, que terminou fazendo mutir\u00f5es para que outras pessoas trans tamb\u00e9m pudessem garantir esse direito de forma gratuita. \u201cA maioria das pessoas n\u00e3o t\u00eam 300 reais para pagar. Ent\u00e3o temos que procurar caminhos\u201d, comentou.<\/p>\n<p>Para travestis, homens e mulheres trans o nome social marca o reconhecimento de suas exist\u00eancias. \u201cLembro que quando vi meu nome social no documento, a sensa\u00e7\u00e3o que tive foi de humanidade, que estava inserida na humanidade. Eu sou quem sou e sou humana\u201d, relatou Dorot Ruanne.<\/p>\n<p><strong>Nome Social<\/strong> \u2013 O Sistema \u00danico de Sa\u00fade (SUS) foi pioneiro a reconhecer e aceitar os usu\u00e1rios com seus nomes sociais. Uma campanha nacional com participa\u00e7\u00e3o da ativista paraibana Fernanda Benvenutty foi respons\u00e1vel por difundir essa garantia de direitos. Cada estado ou munic\u00edpio t\u00eam autonomia voltada para essa legisla\u00e7\u00e3o. No campo federal, o reconhecimento do nome social na Administra\u00e7\u00e3o P\u00fablica vem desde 2016.<\/p>\n<\/p><\/div>\n","protected":false},"excerpt":{"rendered":"<p>Uma das principais conquistas da popula\u00e7\u00e3o LGBTQIAPNB+ \u00e9 o direito \u00e0 retifica\u00e7\u00e3o do nome social para pessoas trans e travestis.<\/p>\n","protected":false},"author":1,"featured_media":0,"comment_status":"","ping_status":"","sticky":false,"template":"","format":"standard","meta":{"colormag_page_container_layout":"default_layout","colormag_page_sidebar_layout":"default_layout","footnotes":""},"categories":[1],"tags":[],"class_list":["post-55418","post","type-post","status-publish","format-standard","hentry","category-sem-categoria"],"_links":{"self":[{"href":"https:\/\/euvivoaselecao.com.br\/index.php\/wp-json\/wp\/v2\/posts\/55418","targetHints":{"allow":["GET"]}}],"collection":[{"href":"https:\/\/euvivoaselecao.com.br\/index.php\/wp-json\/wp\/v2\/posts"}],"about":[{"href":"https:\/\/euvivoaselecao.com.br\/index.php\/wp-json\/wp\/v2\/types\/post"}],"author":[{"embeddable":true,"href":"https:\/\/euvivoaselecao.com.br\/index.php\/wp-json\/wp\/v2\/users\/1"}],"replies":[{"embeddable":true,"href":"https:\/\/euvivoaselecao.com.br\/index.php\/wp-json\/wp\/v2\/comments?post=55418"}],"version-history":[{"count":0,"href":"https:\/\/euvivoaselecao.com.br\/index.php\/wp-json\/wp\/v2\/posts\/55418\/revisions"}],"wp:attachment":[{"href":"https:\/\/euvivoaselecao.com.br\/index.php\/wp-json\/wp\/v2\/media?parent=55418"}],"wp:term":[{"taxonomy":"category","embeddable":true,"href":"https:\/\/euvivoaselecao.com.br\/index.php\/wp-json\/wp\/v2\/categories?post=55418"},{"taxonomy":"post_tag","embeddable":true,"href":"https:\/\/euvivoaselecao.com.br\/index.php\/wp-json\/wp\/v2\/tags?post=55418"}],"curies":[{"name":"wp","href":"https:\/\/api.w.org\/{rel}","templated":true}]}}