{"id":55474,"date":"2025-07-06T17:41:35","date_gmt":"2025-07-06T20:41:35","guid":{"rendered":"https:\/\/euvivoaselecao.com.br\/index.php\/2025\/07\/06\/adiar-reforma-na-onu-torna-mundo-mais-perigoso-diz-lula-no-brics\/"},"modified":"2025-07-06T17:41:35","modified_gmt":"2025-07-06T20:41:35","slug":"adiar-reforma-na-onu-torna-mundo-mais-perigoso-diz-lula-no-brics","status":"publish","type":"post","link":"https:\/\/euvivoaselecao.com.br\/index.php\/2025\/07\/06\/adiar-reforma-na-onu-torna-mundo-mais-perigoso-diz-lula-no-brics\/","title":{"rendered":"Adiar reforma na ONU torna mundo mais perigoso, diz Lula no Brics\u00a0"},"content":{"rendered":"<p><\/p>\n<div wp_automatic_readability=\"172.50064423765\">\n<p><strong>O presidente Luiz In\u00e1cio Lula da Silva afirmou neste domingo (6) que a demora na reforma do Conselho de Seguran\u00e7a da Organiza\u00e7\u00e3o das Na\u00e7\u00f5es Unidas (ONU) deixa o mundo \u201cmais inst\u00e1vel e perigoso\u201d. <\/strong>A declara\u00e7\u00e3o aconteceu na abertura da c\u00fapula de l\u00edderes do Brics, no Rio de Janeiro.\u00a0\u00a0<\/p>\n<p><strong>Lula fez cr\u00edticas tamb\u00e9m a gastos militares, terrorismo, ofensivas israelenses e instrumentaliza\u00e7\u00e3o da Ag\u00eancia Internacional de Energia At\u00f4mica (AIEA). <\/strong>O presidente brasileiro foi o primeiro a discursar na sess\u00e3o intitulada Paz e Seguran\u00e7a, Reforma da Governan\u00e7a Global.\u00a0\u00a0<\/p>\n<p>Na vis\u00e3o de Lula, de todas as vezes que o Brasil ocupou a presid\u00eancia do Brics, esta \u00e9 a que ocorre em cen\u00e1rio global mais adverso. <strong>\u201cPresenciamos um colapso sem paralelo do multilateralismo\u201d, afirmou.\u00a0\u00a0<\/strong><\/p>\n<p><strong>Brics: financiamento clim\u00e1tico \u00e9 responsabilidade de pa\u00edses ricos<\/strong><\/p>\n<p><strong>\u2018Estamos dispostos a superar contradi\u00e7\u00f5es\u2019, diz Marina sobre petr\u00f3leo<\/strong><\/p>\n<p>O presidente afirmou que o Brics \u00e9 herdeiro do Movimento N\u00e3o-Alinhado, na\u00e7\u00f5es que n\u00e3o compartilhavam incondicionalmente a posi\u00e7\u00e3o de pa\u00edses ocidentais, liderados pelos Estados Unidos. \u201cCom o multilateralismo sob ataque, nossa autonomia est\u00e1 novamente em xeque\u201d, acrescentou.\u00a0<\/p>\n<p>Lula avalia que avan\u00e7os das \u00faltimas d\u00e9cadas nas \u00e1reas de com\u00e9rcio, clima e sistema global de sa\u00fade est\u00e3o em risco. Cercado por l\u00edderes do Brics, ele criticou a Organiza\u00e7\u00e3o do Tratado do Atl\u00e2ntico Norte (Otan), alian\u00e7a militar ocidental liderada pelos Estados Unidos.\u00a0\u00a0<\/p>\n<blockquote wp_automatic_readability=\"11\">\n<p>\u201cA recente decis\u00e3o da Otan alimenta a corrida armamentista. \u00c9 mais f\u00e1cil destinar 5% do PIB [tamanho da economia] para gastos militares do que alocar os 0,7% prometidos para Assist\u00eancia Oficial ao Desenvolvimento. Isso evidencia que os recursos para implementar a Agenda 2030 [conjunto de a\u00e7\u00f5es que visam o desenvolvimento sustent\u00e1vel] existem, mas n\u00e3o est\u00e3o dispon\u00edveis por falta de prioridade pol\u00edtica. \u00c9 sempre mais f\u00e1cil investir na guerra do que na paz\u201d, criticou.\u00a0<\/p>\n<\/blockquote>\n<h2>Conselho sem credibilidade\u00a0<\/h2>\n<p><strong>Lula afirmou que no cen\u00e1rio atual, as decis\u00f5es do Conselho de Seguran\u00e7a da ONU s\u00e3o marcadas por \u201cperda de credibilidade e paralisia\u201d.\u00a0\u00a0<\/strong><\/p>\n<p><strong>F\u00e1varo diz que Brics s\u00e3o esperan\u00e7a de volta \u00e0 normalidade no com\u00e9rcio<\/strong><\/p>\n<p><strong>Soci\u00f3logo homenageado no Jabuti diz que pa\u00eds criminaliza trabalhadores<\/strong><\/p>\n<p>O Conselho tem 15 membros, sendo apenas cinco integrantes permanentes, que possuem poder de veto: Estados Unidos, China, R\u00fassia, Fran\u00e7a e Reino Unido. O Brasil j\u00e1 fez parte do conselho, mas de forma tempor\u00e1ria e sem poder de veto.\u00a0<\/p>\n<p>O Brasil, h\u00e1 anos pede a reforma do Conselho de Seguran\u00e7a, com a inclus\u00e3o de mais na\u00e7\u00f5es com assento permanente. Lula lembrou que o movimento por reforma ganhou mais for\u00e7a durante a presid\u00eancia brasileira do G20 (19 pa\u00edses e as uni\u00f5es Europeia e Africana) em novembro do ano passado.\u00a0\u00a0<\/p>\n<blockquote wp_automatic_readability=\"7\">\n<p>\u201cUltimamente [o Conselho de Seguran\u00e7a] sequer \u00e9 consultado antes do in\u00edcio de a\u00e7\u00f5es b\u00e9licas\u201d, destacou.\u00a0<\/p>\n<\/blockquote>\n<p>Segundo o presidente, \u201cvelhas manobras ret\u00f3ricas s\u00e3o recicladas para justificar interven\u00e7\u00f5es ilegais\u201d. Na sequ\u00eancia, Lula criticou a instrumentaliza\u00e7\u00e3o dos trabalhos da AIEA, que \u201ccoloca em jogo a reputa\u00e7\u00e3o de um \u00f3rg\u00e3o fundamental para a paz\u201d.\u00a0\u00a0<\/p>\n<blockquote wp_automatic_readability=\"6\">\n<p>\u201cO temor de uma cat\u00e1strofe nuclear voltou ao cotidiano\u201d, declarou Lula.\u00a0<\/p>\n<\/blockquote>\n<h2>Cr\u00edticas ao terrorismo e Israel\u00a0<\/h2>\n<p>A AIEA, uma ag\u00eancia da ONU, \u00e9 a respons\u00e1vel por inspecionar o programa nuclear do Ir\u00e3. Relat\u00f3rios do \u00f3rg\u00e3o vinham registrando a preocupa\u00e7\u00e3o de que o Ir\u00e3 estivesse enriquecendo ur\u00e2nio acima do limite de 60%. Para se construir armas nucleares, os n\u00edveis de enriquecimento de ur\u00e2nio devem chegar a 90%.\u00a0<\/p>\n<p>Em junho, Israel lan\u00e7ou uma ofensiva contra o Ir\u00e3, com a justificativa de que o pa\u00eds estava \u00e0 beira de produzir armas nucleares, o que o governo iraniano nega. \u00a0<\/p>\n<p><strong>Lula lembrou que o governo brasileiro denunciou as viola\u00e7\u00f5es \u00e0 integridade territorial do Ir\u00e3, um dos integrantes do Brics.\u00a0\u00a0<\/strong><\/p>\n<p>O brasileiro ainda criticou interven\u00e7\u00f5es estrangeiras em regi\u00f5es como no Oriente M\u00e9dio e no norte da \u00c1frica. \u201cSem amparo no direito internacional, o fracasso das a\u00e7\u00f5es no Afeganist\u00e3o, no Iraque, na L\u00edbia e na S\u00edria tende a se repetir de forma ainda mais grave\u201d.\u00a0<\/p>\n<p>O presidente repudiou atentados na Caxemira (regi\u00e3o disputada por \u00cdndia e Paquist\u00e3o) e cometidos pelo grupo palestino Hamas, assim como condenou a ofensiva israelense na Faixa de Gaza.\u00a0<\/p>\n<blockquote wp_automatic_readability=\"8\">\n<p>\u201cAbsolutamente nada justifica as a\u00e7\u00f5es terroristas perpetradas pelo Hamas. Mas n\u00e3o podemos permanecer indiferentes ao genoc\u00eddio praticado por Israel em Gaza e a matan\u00e7a indiscriminada de civis inocentes e o uso da fome como arma de guerra\u201d, ressaltou.\u00a0<\/p>\n<\/blockquote>\n<p>Lula lembrou ainda que o Brasil denunciou a viola\u00e7\u00e3o da integridade territorial da Ucr\u00e2nia, mas n\u00e3o citou a R\u00fassia, uma das fundadoras do Brics. \u00a0<\/p>\n<blockquote wp_automatic_readability=\"10\">\n<p>\u201c\u00c9 urgente que as partes envolvidas na guerra na Ucr\u00e2nia aprofundem o di\u00e1logo direto com vistas a um cessar-fogo e uma paz duradoura. O Grupo de Amigos para a Paz, criado por China e Brasil e que conta com a participa\u00e7\u00e3o de pa\u00edses do Sul Global, procura identificar poss\u00edveis caminhos para o fim das hostilidades\u201d.\u00a0\u00a0<\/p>\n<\/blockquote>\n<h2>Papel do Brics\u00a0<\/h2>\n<p>Lula tamb\u00e9m disse que a comunidade internacional abandonou o Haiti antes da hora. Mas reconheceu que nos oitenta anos da ONU foram alcan\u00e7ados avan\u00e7os, como proibi\u00e7\u00e3o do uso de armas biol\u00f3gicas e qu\u00edmicas.\u00a0\u00a0<\/p>\n<p>O presidente afirmou que, se a governan\u00e7a internacional n\u00e3o reflete a nova realidade multipolar do s\u00e9culo XXI, \u201ccabe ao Brics contribuir para sua atualiza\u00e7\u00e3o\u201d.\u00a0<\/p>\n<p>Ao defender a reforma do Conselho de Seguran\u00e7a, Lula disse que \u00e9 preciso torn\u00e1-lo mais leg\u00edtimo, representativo, eficaz e democr\u00e1tico. Para ele, incluir novos membros permanentes da \u00c1sia, da \u00c1frica e da Am\u00e9rica Latina e do Caribe \u201c\u00e9 mais do que uma quest\u00e3o de justi\u00e7a, \u00e9 garantir a pr\u00f3pria sobreviv\u00eancia da ONU\u201d.\u00a0<\/p>\n<blockquote wp_automatic_readability=\"6\">\n<p>\u201cAdiar esse processo torna o mundo mais inst\u00e1vel e perigoso\u201d, advertiu.\u00a0\u00a0<\/p>\n<\/blockquote>\n<h2>Brics\u00a0<\/h2>\n<p>O Brics \u00e9 formado por 11 pa\u00edses-membros: \u00c1frica do Sul, Ar\u00e1bia Saudita, Brasil, China, Egito, Emirados \u00c1rabes Unidos, Eti\u00f3pia, Indon\u00e9sia, \u00cdndia, Ir\u00e3 e R\u00fassia. Essas na\u00e7\u00f5es representam 39% da economia mundial e 48,5% da popula\u00e7\u00e3o do planeta.\u00a0<\/p>\n<p>Os pa\u00edses que t\u00eam status de parceiros s\u00e3o Belarus, Bol\u00edvia, Cazaquist\u00e3o, Cuba, Mal\u00e1sia, Nig\u00e9ria, Tail\u00e2ndia, Uganda, Uzbequist\u00e3o e Vietn\u00e3. Os parceiros n\u00e3o t\u00eam poder de voto.\u00a0<\/p>\n<p>O Brics se identifica como na\u00e7\u00f5es do Sul Global e busca mais coopera\u00e7\u00e3o entre si e tratamento mais equ\u00e2nime em organismos internacionais. No entanto, o grupo n\u00e3o chega a ser uma organiza\u00e7\u00e3o internacional ou um bloco formal. Por exemplo, n\u00e3o tem um or\u00e7amento pr\u00f3prio ou secretariado permanente, assim como n\u00e3o pode impor que os pa\u00edses adotem internamente as decis\u00f5es.\u00a0<\/p>\n<p>Os pa\u00edses-membros se alternam ano a ano na presid\u00eancia. O Brasil ser\u00e1 sucedido pela \u00cdndia em 2026.\u00a0<\/p>\n<\/div>\n","protected":false},"excerpt":{"rendered":"<p>O presidente Luiz In\u00e1cio Lula da Silva afirmou neste domingo (6) que a demora na reforma do Conselho de Seguran\u00e7a<\/p>\n","protected":false},"author":2,"featured_media":0,"comment_status":"","ping_status":"","sticky":false,"template":"","format":"standard","meta":{"colormag_page_container_layout":"default_layout","colormag_page_sidebar_layout":"default_layout","footnotes":""},"categories":[],"tags":[],"class_list":["post-55474","post","type-post","status-publish","format-standard","hentry"],"_links":{"self":[{"href":"https:\/\/euvivoaselecao.com.br\/index.php\/wp-json\/wp\/v2\/posts\/55474","targetHints":{"allow":["GET"]}}],"collection":[{"href":"https:\/\/euvivoaselecao.com.br\/index.php\/wp-json\/wp\/v2\/posts"}],"about":[{"href":"https:\/\/euvivoaselecao.com.br\/index.php\/wp-json\/wp\/v2\/types\/post"}],"author":[{"embeddable":true,"href":"https:\/\/euvivoaselecao.com.br\/index.php\/wp-json\/wp\/v2\/users\/2"}],"replies":[{"embeddable":true,"href":"https:\/\/euvivoaselecao.com.br\/index.php\/wp-json\/wp\/v2\/comments?post=55474"}],"version-history":[{"count":0,"href":"https:\/\/euvivoaselecao.com.br\/index.php\/wp-json\/wp\/v2\/posts\/55474\/revisions"}],"wp:attachment":[{"href":"https:\/\/euvivoaselecao.com.br\/index.php\/wp-json\/wp\/v2\/media?parent=55474"}],"wp:term":[{"taxonomy":"category","embeddable":true,"href":"https:\/\/euvivoaselecao.com.br\/index.php\/wp-json\/wp\/v2\/categories?post=55474"},{"taxonomy":"post_tag","embeddable":true,"href":"https:\/\/euvivoaselecao.com.br\/index.php\/wp-json\/wp\/v2\/tags?post=55474"}],"curies":[{"name":"wp","href":"https:\/\/api.w.org\/{rel}","templated":true}]}}