{"id":64912,"date":"2025-10-02T12:49:33","date_gmt":"2025-10-02T15:49:33","guid":{"rendered":"https:\/\/euvivoaselecao.com.br\/index.php\/2025\/10\/02\/tunel-jose-alencar-e-elevados-serao-fechados-para-servicos-de-manutencao-prefeitura-da-cidade-do-rio-de-janeiro\/"},"modified":"2025-10-02T12:49:33","modified_gmt":"2025-10-02T15:49:33","slug":"tunel-jose-alencar-e-elevados-serao-fechados-para-servicos-de-manutencao-prefeitura-da-cidade-do-rio-de-janeiro","status":"publish","type":"post","link":"https:\/\/euvivoaselecao.com.br\/index.php\/2025\/10\/02\/tunel-jose-alencar-e-elevados-serao-fechados-para-servicos-de-manutencao-prefeitura-da-cidade-do-rio-de-janeiro\/","title":{"rendered":"T\u00fanel Jos\u00e9 Alencar e elevados ser\u00e3o fechados para servi\u00e7os de manuten\u00e7\u00e3o &#8211; Prefeitura da Cidade do Rio de Janeiro"},"content":{"rendered":"<p><\/p>\n<div id=\"main\">\n<div class=\"wrapper-breadcrumbs\" wp_automatic_readability=\"37.457223567393\">\n<div class=\"image-post\" wp_automatic_readability=\"33\">\n                     t\u00fanel Vice-presidente Jos\u00e9 Alencar  ser\u00e1 interditado no sentido Santa Cruz para manuten\u00e7\u00e3o. Arquivo\/Prefeitura do Rio                  <\/div>\n<p>A CET-Rioo informa que o T\u00fanel Vice-Presidente Jos\u00e9 Alencar ser\u00e1 interditado, nesta quinta-feira (2\/10), no sentido Barra da Tijuca, das 23h \u00e0s 4h, para servi\u00e7os de manuten\u00e7\u00e3o. Os ve\u00edculos do sentido interditado ser\u00e3o desviados pela Serra da Grota Funda (Avenida Artur Xex\u00e9o). Os \u00f4nibus do BRT, sentido Barra, ir\u00e3o trafegar pela calha da galeria oposta. J\u00e1 os \u00f4nibus que trafegam originalmente pela calha, sentido Santa Cruz, seguir\u00e3o pela pista comum a todos os ve\u00edculos.<\/p>\n<p>O tablado inferior do Elevado das Bandeiras ser\u00e1 fechado no sentido S\u00e3o Conrado, das 23h \u00e0s 4h30, para manuten\u00e7\u00e3o. A liga\u00e7\u00e3o Barra da Tijuca-S\u00e3o Conrado ser\u00e1 feita pela pista do tablado superior.<\/p>\n<p>Os elevados Engenheiro Freyssinet (elevado sobre a Avenida Paulo de Frontin) e Rufino Pizarro ser\u00e3o fechados durante a madrugada desta sexta-feira (3\/10), no sentido Zona Sul, da 0h15 \u00e0s 5h, para servi\u00e7os de manuten\u00e7\u00e3o. Os motoristas poder\u00e3o utilizar, como rota alternativa, a Avenida Paulo de Frontin e, em seguida, T\u00fanel Rebou\u00e7as.<\/p>\n<p>Em todas as interdi\u00e7\u00f5es programadas, sinaliza\u00e7\u00e3o espec\u00edfica ser\u00e1 instalada para orientar e alertar os motoristas, e operadores da CET-Rio far\u00e3o o monitoramento das condi\u00e7\u00f5es do tr\u00e2nsito e, se necess\u00e1rio, ir\u00e3o atuar. Al\u00e9m disso, os tempos semaf\u00f3ricos ser\u00e3o ajustados para a fluidez nas rotas de desvios e nos principais corredores das regi\u00f5es.<\/p>\n<p>A programa\u00e7\u00e3o poder\u00e1 ser suspensa a qualquer momento em raz\u00e3o das condi\u00e7\u00f5es clim\u00e1ticas ou por quest\u00f5es operacionais da cidade.<\/p>\n<p>             <!-- Compartilhe ---><\/p>\n<p>\t\t\t <!-- TAGS --><\/p>\n<section class=\"category-tags\">\n<div class=\"marcacao-category\">\n<article class=\"category-post\">\n<p>Categoria: <\/p>\n<\/article>\n<li>2 de outubro de 2025<\/li><\/div>\n<article class=\"tags\">\n\t\t\t\t\tMarca\u00e7\u00f5es: CET-Rio Elevado das Bandeiras Elevado Engenheiro Freyssinet Elevado Rufino Pizarro interdi\u00e7\u00f5es manuten\u00e7\u00e3o tr\u00e2nsito T\u00fanel Jos\u00e9 Alencar<br \/><\/article>\n<\/section>\n<p>            <!-- Mais Not&iacute;cias --><\/p>\n<p>\t\t<!-- Conte&uacute;do SIDEBAR --><\/p><\/div>\n<\/p><\/div>\n","protected":false},"excerpt":{"rendered":"<p>t\u00fanel Vice-presidente Jos\u00e9 Alencar ser\u00e1 interditado no sentido Santa Cruz para manuten\u00e7\u00e3o. Arquivo\/Prefeitura do Rio A CET-Rioo informa que o<\/p>\n","protected":false},"author":1,"featured_media":0,"comment_status":"","ping_status":"","sticky":false,"template":"","format":"standard","meta":{"colormag_page_container_layout":"default_layout","colormag_page_sidebar_layout":"default_layout","footnotes":""},"categories":[1],"tags":[],"class_list":["post-64912","post","type-post","status-publish","format-standard","hentry","category-sem-categoria"],"_links":{"self":[{"href":"https:\/\/euvivoaselecao.com.br\/index.php\/wp-json\/wp\/v2\/posts\/64912","targetHints":{"allow":["GET"]}}],"collection":[{"href":"https:\/\/euvivoaselecao.com.br\/index.php\/wp-json\/wp\/v2\/posts"}],"about":[{"href":"https:\/\/euvivoaselecao.com.br\/index.php\/wp-json\/wp\/v2\/types\/post"}],"author":[{"embeddable":true,"href":"https:\/\/euvivoaselecao.com.br\/index.php\/wp-json\/wp\/v2\/users\/1"}],"replies":[{"embeddable":true,"href":"https:\/\/euvivoaselecao.com.br\/index.php\/wp-json\/wp\/v2\/comments?post=64912"}],"version-history":[{"count":0,"href":"https:\/\/euvivoaselecao.com.br\/index.php\/wp-json\/wp\/v2\/posts\/64912\/revisions"}],"wp:attachment":[{"href":"https:\/\/euvivoaselecao.com.br\/index.php\/wp-json\/wp\/v2\/media?parent=64912"}],"wp:term":[{"taxonomy":"category","embeddable":true,"href":"https:\/\/euvivoaselecao.com.br\/index.php\/wp-json\/wp\/v2\/categories?post=64912"},{"taxonomy":"post_tag","embeddable":true,"href":"https:\/\/euvivoaselecao.com.br\/index.php\/wp-json\/wp\/v2\/tags?post=64912"}],"curies":[{"name":"wp","href":"https:\/\/api.w.org\/{rel}","templated":true}]}}