{"id":70508,"date":"2026-02-04T20:42:11","date_gmt":"2026-02-04T23:42:11","guid":{"rendered":"https:\/\/euvivoaselecao.com.br\/index.php\/2026\/02\/04\/palmeiras-tera-mando-de-campo-contra-corinthians-na-supercopa-feminina\/"},"modified":"2026-02-04T20:42:11","modified_gmt":"2026-02-04T23:42:11","slug":"palmeiras-tera-mando-de-campo-contra-corinthians-na-supercopa-feminina","status":"publish","type":"post","link":"https:\/\/euvivoaselecao.com.br\/index.php\/2026\/02\/04\/palmeiras-tera-mando-de-campo-contra-corinthians-na-supercopa-feminina\/","title":{"rendered":"Palmeiras ter\u00e1 mando de campo contra Corinthians na Supercopa Feminina"},"content":{"rendered":"<p><\/p>\n<div wp_automatic_readability=\"49.65500205846\">\n<p>O Palmeiras vai decidir em casa o t\u00edtulo da Supercopa Feminina contra o Corinthians, no dia 7 de fevereiro (um s\u00e1bado). O mando de campo da final em jogo \u00fanico foi definido nesta sexta-feira (16) por meio de sorteio na sede da CBF, no Rio de Janeiro. O duelo colocar\u00e1 as principais for\u00e7as do futebol feminino de 2025 frente a frente.<\/p>\n<p>De um lado estar\u00e3o as Palestrinas, campe\u00e3s da Copa do Brasil, e do outro as Brabas, heptacampe\u00e3s da S\u00e9rie A1 do Campeonato Brasileiro feminino de futebol. A partida ocorrer\u00e1 a partir das 16h (hor\u00e1rio de Bras\u00edlia), na Arena Barueri, local escolhido em raz\u00e3o de obras de manuten\u00e7\u00e3o no Allianz Parque, na capital paulista.<\/p>\n<div class=\"dnd-widget-wrapper context-cheio_8colunas type-image\" wp_automatic_readability=\"5.4454828660436\">\n<div class=\"dnd-caption-wrapper\" wp_automatic_readability=\"9\">\n<p><!--copyright=445503-->As Palestrinas foram campe\u00e3s da Copa do Brasil ano passado com vit\u00f3ria por 4 a 2 sobre a Ferrovi\u00e1ria, em Araraquara (SP) \u2013 <strong>Rebeca Reis\/Staff Images Woman\/CBF\/Direitos Reservados<\/strong><!--END copyright=445503--><\/p>\n<\/div>\n<\/div>\n<p>Por conta da proibi\u00e7\u00e3o em S\u00e3o Paulo da presen\u00e7a de duas torcidas em\u00a0cl\u00e1ssicos de futebol, apenas a torcida alviverde poder\u00e1 comparecer ao est\u00e1dio. Ser\u00e1 um apoio e tanto \u00e0s Palestinas, que buscam o t\u00edtulo in\u00e9dito da Supercopa.<\/p>\n<p>\u201cA gente vem de grandes resultados. Sabemos que \u00e9 um jogo muito complexo, respeitamos muito o nosso advers\u00e1rio, mas estamos preparados e sabemos que temos totais condi\u00e7\u00f5es de buscar esse primeiro t\u00edtulo\u201d, disse Alberto Sim\u00e3o, diretor executivo de futebol do Palmeiras, que esteve presente ao sorteio.<\/p>\n<div class=\"dnd-widget-wrapper context-cheio_8colunas type-image\" wp_automatic_readability=\"5.6603773584906\">\n<div class=\"dnd-caption-wrapper\" wp_automatic_readability=\"11\">\n<p>Antes da final da Supercopa, as Brabas disputar\u00e3o o t\u00edtulo do\u00a0Mundial de Clubes Feminino, em Londres, a partir de 28 de janeiro.\u00a0\u2013 <strong>Staff Images Woman\/CBF\/Direitos Reservados<\/strong><!--END copyright=437168--><\/p>\n<\/div>\n<\/div>\n<p>J\u00e1 a equipe do Corinthians, tr\u00eas vezes campe\u00e3 da Supercopa (2022, 2023 e 2024) sonha em manter a hegemonia. No ano passado, as Brabas foram vice-campe\u00e3s, ap\u00f3s derrota para o S\u00e3o Paulo nos p\u00eanaltis. Antes da decis\u00e3o na Arena Barueri, as Brabas disputar\u00e3o o Mundial de Clubes Feminino, em Londres, a partir de 28 de janeiro.<\/p>\n<p>\u201cA expectativa \u00e9 bem positiva. Estar nesse ritmo de competi\u00e7\u00f5es \u00e9 importante tamb\u00e9m, \u00e9 uma coisa que motiva muito o elenco\u201d, garantiu Iris Sesso, diretora de futebol feminino do Tim\u00e3o.<\/p>\n<\/div>\n","protected":false},"excerpt":{"rendered":"<p>O Palmeiras vai decidir em casa o t\u00edtulo da Supercopa Feminina contra o Corinthians, no dia 7 de fevereiro (um<\/p>\n","protected":false},"author":2,"featured_media":0,"comment_status":"","ping_status":"","sticky":false,"template":"","format":"standard","meta":{"colormag_page_container_layout":"default_layout","colormag_page_sidebar_layout":"default_layout","footnotes":""},"categories":[],"tags":[],"class_list":["post-70508","post","type-post","status-publish","format-standard","hentry"],"_links":{"self":[{"href":"https:\/\/euvivoaselecao.com.br\/index.php\/wp-json\/wp\/v2\/posts\/70508","targetHints":{"allow":["GET"]}}],"collection":[{"href":"https:\/\/euvivoaselecao.com.br\/index.php\/wp-json\/wp\/v2\/posts"}],"about":[{"href":"https:\/\/euvivoaselecao.com.br\/index.php\/wp-json\/wp\/v2\/types\/post"}],"author":[{"embeddable":true,"href":"https:\/\/euvivoaselecao.com.br\/index.php\/wp-json\/wp\/v2\/users\/2"}],"replies":[{"embeddable":true,"href":"https:\/\/euvivoaselecao.com.br\/index.php\/wp-json\/wp\/v2\/comments?post=70508"}],"version-history":[{"count":0,"href":"https:\/\/euvivoaselecao.com.br\/index.php\/wp-json\/wp\/v2\/posts\/70508\/revisions"}],"wp:attachment":[{"href":"https:\/\/euvivoaselecao.com.br\/index.php\/wp-json\/wp\/v2\/media?parent=70508"}],"wp:term":[{"taxonomy":"category","embeddable":true,"href":"https:\/\/euvivoaselecao.com.br\/index.php\/wp-json\/wp\/v2\/categories?post=70508"},{"taxonomy":"post_tag","embeddable":true,"href":"https:\/\/euvivoaselecao.com.br\/index.php\/wp-json\/wp\/v2\/tags?post=70508"}],"curies":[{"name":"wp","href":"https:\/\/api.w.org\/{rel}","templated":true}]}}