{"id":70514,"date":"2026-02-04T22:01:11","date_gmt":"2026-02-05T01:01:11","guid":{"rendered":"https:\/\/euvivoaselecao.com.br\/index.php\/2026\/02\/04\/apos-acao-da-secretaria-de-meio-ambiente-de-joao-pessoa-sudema-multa-empresa-que-poluiu-tres-lagoas\/"},"modified":"2026-02-04T22:01:11","modified_gmt":"2026-02-05T01:01:11","slug":"apos-acao-da-secretaria-de-meio-ambiente-de-joao-pessoa-sudema-multa-empresa-que-poluiu-tres-lagoas","status":"publish","type":"post","link":"https:\/\/euvivoaselecao.com.br\/index.php\/2026\/02\/04\/apos-acao-da-secretaria-de-meio-ambiente-de-joao-pessoa-sudema-multa-empresa-que-poluiu-tres-lagoas\/","title":{"rendered":"Ap\u00f3s a\u00e7\u00e3o da Secretaria de Meio Ambiente de Jo\u00e3o Pessoa, Sudema multa empresa que poluiu Tr\u00eas Lagoas"},"content":{"rendered":"<p><\/p>\n<div>\n<p>Atendendo a notifica\u00e7\u00e3o da Secretaria de Meio Ambiente (Semam) da Prefeitura de Jo\u00e3o Pessoa, a Superintend\u00eancia de Administra\u00e7\u00e3o do Meio Ambiente (Sudema) multou, nesta quarta-feira (4), a empresa respons\u00e1vel por poluir as Tr\u00eas Lagoas. No dia 28 de janeiro, t\u00e9cnicos da Divis\u00e3o de Fiscaliza\u00e7\u00e3o (Difi) da Semam notificaram a Companhia de \u00c1gua e Esgotos da Para\u00edba (Cagepa) e a Sudema, ap\u00f3s constatar ind\u00edcios de polui\u00e7\u00e3o ambiental em uma das lagoas que integram o Parque Tr\u00eas Lagoas. A a\u00e7\u00e3o foi realizada ap\u00f3s den\u00fancia de lan\u00e7amento irregular de efluentes l\u00edquidos na \u00e1rea.<\/p>\n<figure class=\"wp-block-gallery has-nested-images columns-default is-cropped wp-block-gallery-1 is-layout-flex wp-block-gallery-is-layout-flex\">\n<figure class=\"wp-block-image size-large\"><\/figure>\n<figure class=\"wp-block-image size-large\"><\/figure>\n<\/figure>\n<p>A multa, aplicada pela Sudema \u00e0 empresa que provocou a polui\u00e7\u00e3o, repercute a a\u00e7\u00e3o da Prefeitura de Jo\u00e3o Pessoa. A penalidade \u00e9 resultado direto das a\u00e7\u00f5es de fiscaliza\u00e7\u00e3o, vistorias t\u00e9cnicas e notifica\u00e7\u00f5es realizadas pela Semam, que identificaram irregularidades e encaminharam os relat\u00f3rios aos \u00f3rg\u00e3os competentes.<\/p>\n<p>O secret\u00e1rio de Meio Ambiente de Jo\u00e3o Pessoa, Welison Silveira, destacou a import\u00e2ncia da participa\u00e7\u00e3o da popula\u00e7\u00e3o, por meio dos canais de den\u00fancia, para auxiliar na identifica\u00e7\u00e3o de crimes ambientais e no fortalecimento das a\u00e7\u00f5es de fiscaliza\u00e7\u00e3o. \u201cO nosso compromisso \u00e9 com a preserva\u00e7\u00e3o ambiental, o cumprimento da legisla\u00e7\u00e3o e a melhoria da qualidade de vida da popula\u00e7\u00e3o da cidade\u201d, ressaltou.<a\/><\/p>\n<p><strong>Impactos ambientais<\/strong> \u2013 As Tr\u00eas Lagoas v\u00eam sofrendo com impactos ambientais provocados pelo lan\u00e7amento irregular de efluentes, afetando a qualidade da \u00e1gua e o equil\u00edbrio ambiental da \u00e1rea. A partir das den\u00fancias e do trabalho de campo desenvolvido pela Divis\u00e3o de Fiscaliza\u00e7\u00e3o da Semam, foi constatada a origem da polui\u00e7\u00e3o, o que possibilitou a ado\u00e7\u00e3o das medidas legais cab\u00edveis por parte da Sudema, \u00f3rg\u00e3o estadual respons\u00e1vel pelo licenciamento e fiscaliza\u00e7\u00e3o dos empreendimentos.<\/p>\n<p>De acordo com a Semam, a atua\u00e7\u00e3o integrada entre os \u00f3rg\u00e3os ambientais \u00e9 fundamental para garantir a responsabiliza\u00e7\u00e3o de quem degrada o meio ambiente e para assegurar a prote\u00e7\u00e3o dos recursos naturais e da sa\u00fade da popula\u00e7\u00e3o. A Secretaria refor\u00e7a que continuar\u00e1 monitorando a \u00e1rea e adotando todas as provid\u00eancias necess\u00e1rias para evitar novos danos ambientais.<\/p>\n<\/p><\/div>\n","protected":false},"excerpt":{"rendered":"<p>Atendendo a notifica\u00e7\u00e3o da Secretaria de Meio Ambiente (Semam) da Prefeitura de Jo\u00e3o Pessoa, a Superintend\u00eancia de Administra\u00e7\u00e3o do Meio<\/p>\n","protected":false},"author":1,"featured_media":0,"comment_status":"","ping_status":"","sticky":false,"template":"","format":"standard","meta":{"colormag_page_container_layout":"default_layout","colormag_page_sidebar_layout":"default_layout","footnotes":""},"categories":[1],"tags":[],"class_list":["post-70514","post","type-post","status-publish","format-standard","hentry","category-sem-categoria"],"_links":{"self":[{"href":"https:\/\/euvivoaselecao.com.br\/index.php\/wp-json\/wp\/v2\/posts\/70514","targetHints":{"allow":["GET"]}}],"collection":[{"href":"https:\/\/euvivoaselecao.com.br\/index.php\/wp-json\/wp\/v2\/posts"}],"about":[{"href":"https:\/\/euvivoaselecao.com.br\/index.php\/wp-json\/wp\/v2\/types\/post"}],"author":[{"embeddable":true,"href":"https:\/\/euvivoaselecao.com.br\/index.php\/wp-json\/wp\/v2\/users\/1"}],"replies":[{"embeddable":true,"href":"https:\/\/euvivoaselecao.com.br\/index.php\/wp-json\/wp\/v2\/comments?post=70514"}],"version-history":[{"count":0,"href":"https:\/\/euvivoaselecao.com.br\/index.php\/wp-json\/wp\/v2\/posts\/70514\/revisions"}],"wp:attachment":[{"href":"https:\/\/euvivoaselecao.com.br\/index.php\/wp-json\/wp\/v2\/media?parent=70514"}],"wp:term":[{"taxonomy":"category","embeddable":true,"href":"https:\/\/euvivoaselecao.com.br\/index.php\/wp-json\/wp\/v2\/categories?post=70514"},{"taxonomy":"post_tag","embeddable":true,"href":"https:\/\/euvivoaselecao.com.br\/index.php\/wp-json\/wp\/v2\/tags?post=70514"}],"curies":[{"name":"wp","href":"https:\/\/api.w.org\/{rel}","templated":true}]}}