{"id":72068,"date":"2026-02-19T08:26:23","date_gmt":"2026-02-19T11:26:23","guid":{"rendered":"https:\/\/euvivoaselecao.com.br\/index.php\/2026\/02\/19\/camisas-da-maratona-roberto-dinamite-estao-sendo-criadas-e-lembram-os-uniformes-vascainos-veja-modelos\/"},"modified":"2026-02-19T08:26:23","modified_gmt":"2026-02-19T11:26:23","slug":"camisas-da-maratona-roberto-dinamite-estao-sendo-criadas-e-lembram-os-uniformes-vascainos-veja-modelos","status":"publish","type":"post","link":"https:\/\/euvivoaselecao.com.br\/index.php\/2026\/02\/19\/camisas-da-maratona-roberto-dinamite-estao-sendo-criadas-e-lembram-os-uniformes-vascainos-veja-modelos\/","title":{"rendered":"Camisas da Maratona Roberto Dinamite est\u00e3o sendo criadas e lembram os uniformes vasca\u00ednos; veja modelos"},"content":{"rendered":"<p><\/p>\n<div>\n<p>maratonadeduquedecaxias<\/p>\n<p>\ud83c\udfc3\ud83c\udffb\u200d\u2642\ufe0f\u2728Uma camisa que carrega hist\u00f3ria.<\/p>\n<p>Uma maratona que carrega mem\u00f3ria.<\/p>\n<p>Roberto Dinamite n\u00e3o foi apenas um grande jogador.<\/p>\n<p>Foram mais de 21 anos de dedica\u00e7\u00e3o ao esporte, marcando n\u00e3o s\u00f3 gols, mas o cora\u00e7\u00e3o de milh\u00f5es de brasileiros.<\/p>\n<p>Nascido em Duque de Caxias, no bairro S\u00e3o Bento, Roberto construiu uma trajet\u00f3ria que ultrapassou o futebol e virou legado.<\/p>\n<p>Um \u00eddolo eterno. Uma marca registrada na hist\u00f3ria do esporte brasileiro.<\/p>\n<p>Hoje, a Maratona de Duque de Caxias corre para honrar essa mem\u00f3ria.<\/p>\n<p>Cada quil\u00f4metro representa respeito, gratid\u00e3o e reconhecimento<\/p>\n<p>a quem inspirou gera\u00e7\u00f5es dentro e fora dos campos.<\/p>\n<p>Estamos criando as artes oficiais desse evento t\u00e3o especial e queremos ouvir voc\u00ea.<\/p>\n<p>\ud83d\udcac Deixe seu coment\u00e1rio.<\/p>\n<p>Sua opini\u00e3o tamb\u00e9m faz parte dessa homenagem.<\/p>\n<p>Fonte: Instagram Maratona Duque de Caxias<\/p>\n<p><!-- CONTENT END 2 -->\n<\/div>\n","protected":false},"excerpt":{"rendered":"<p>maratonadeduquedecaxias \ud83c\udfc3\ud83c\udffb\u200d\u2642\ufe0f\u2728Uma camisa que carrega hist\u00f3ria. Uma maratona que carrega mem\u00f3ria. Roberto Dinamite n\u00e3o foi apenas um grande jogador. Foram<\/p>\n","protected":false},"author":1,"featured_media":0,"comment_status":"","ping_status":"","sticky":false,"template":"","format":"standard","meta":{"colormag_page_container_layout":"default_layout","colormag_page_sidebar_layout":"default_layout","footnotes":""},"categories":[1],"tags":[],"class_list":["post-72068","post","type-post","status-publish","format-standard","hentry","category-sem-categoria"],"_links":{"self":[{"href":"https:\/\/euvivoaselecao.com.br\/index.php\/wp-json\/wp\/v2\/posts\/72068","targetHints":{"allow":["GET"]}}],"collection":[{"href":"https:\/\/euvivoaselecao.com.br\/index.php\/wp-json\/wp\/v2\/posts"}],"about":[{"href":"https:\/\/euvivoaselecao.com.br\/index.php\/wp-json\/wp\/v2\/types\/post"}],"author":[{"embeddable":true,"href":"https:\/\/euvivoaselecao.com.br\/index.php\/wp-json\/wp\/v2\/users\/1"}],"replies":[{"embeddable":true,"href":"https:\/\/euvivoaselecao.com.br\/index.php\/wp-json\/wp\/v2\/comments?post=72068"}],"version-history":[{"count":0,"href":"https:\/\/euvivoaselecao.com.br\/index.php\/wp-json\/wp\/v2\/posts\/72068\/revisions"}],"wp:attachment":[{"href":"https:\/\/euvivoaselecao.com.br\/index.php\/wp-json\/wp\/v2\/media?parent=72068"}],"wp:term":[{"taxonomy":"category","embeddable":true,"href":"https:\/\/euvivoaselecao.com.br\/index.php\/wp-json\/wp\/v2\/categories?post=72068"},{"taxonomy":"post_tag","embeddable":true,"href":"https:\/\/euvivoaselecao.com.br\/index.php\/wp-json\/wp\/v2\/tags?post=72068"}],"curies":[{"name":"wp","href":"https:\/\/api.w.org\/{rel}","templated":true}]}}