{"id":73492,"date":"2026-03-03T18:21:13","date_gmt":"2026-03-03T21:21:13","guid":{"rendered":"https:\/\/euvivoaselecao.com.br\/index.php\/2026\/03\/03\/salario-de-renato-gaucho-e-de-sua-comissao-tecnica-no-vasco-girara-em-torno-de-r-17-milhao\/"},"modified":"2026-03-03T18:21:13","modified_gmt":"2026-03-03T21:21:13","slug":"salario-de-renato-gaucho-e-de-sua-comissao-tecnica-no-vasco-girara-em-torno-de-r-17-milhao","status":"publish","type":"post","link":"https:\/\/euvivoaselecao.com.br\/index.php\/2026\/03\/03\/salario-de-renato-gaucho-e-de-sua-comissao-tecnica-no-vasco-girara-em-torno-de-r-17-milhao\/","title":{"rendered":"Sal\u00e1rio de Renato Ga\u00facho e de sua comiss\u00e3o t\u00e9cnica no Vasco girar\u00e1 em torno de R$ 1,7 milh\u00e3o"},"content":{"rendered":"<p><\/p>\n<div>\n<p>Sal\u00e1rio de Renato Ga\u00facho e de sua comiss\u00e3o t\u00e9cnica no Vasco girar\u00e1 em torno de R$ 1,7 milh\u00e3o<\/p>\n<div>Canal do Pedrosa @pedrosa<\/p>\n<p>Fechado: Renato Ga\u00facho ser\u00e1 o novo treinador do Vasco <\/p>\n<p>Reuni\u00e3o para finalizar o acordo aconteceu na tarde desta ter\u00e7a-feira (3). Renato Ga\u00facho chega ao Vasco com dois auxiliares: Marcelo Salles e Alexandre Mendes.\n<\/p>\n<p>O contrato do treinador vai at\u00e9 o fim de 2026, sem multa rescis\u00f3ria, pr\u00e1tica que Renato j\u00e1 usava em outros trabalhos e vai de acordo com o que o Vasco tamb\u00e9m pediu.\n<\/p>\n<p>Sal\u00e1rio do treinador + comiss\u00e3o t\u00e9cnica vai girar em torno de R$ 1.5M a R$ 1.7M, valor considerado o meio termo entre o que ele pedia e o que a diretoria tinha oferecido inicialmente.\n<\/p>\n<p>Aos 63 anos, Renato Ga\u00facho j\u00e1 deve estar no CT Moacyr Barbosa a partir desta quarta-feira (4) para se apresentar ao Vasco e grupo de jogadores. O primeiro desafio do comandante ser\u00e1 diante do Palmeiras, no dia 12 mar\u00e7o, em S\u00e3o Janu\u00e1rio, v\u00e1lido pelo Campeonato Brasileiro.\n<\/p>\n<p>Apoio: @KTO_brasil\n<\/p>\n<p>#CanaldoPedrosa\n<\/p>\n<p>Fonte: X do jornalista Lucas Pedrosa\/Caz\u00e9TV<\/p>\n<\/div>\n<p><!-- CONTENT END 2 -->\n<\/div>\n","protected":false},"excerpt":{"rendered":"<p>Sal\u00e1rio de Renato Ga\u00facho e de sua comiss\u00e3o t\u00e9cnica no Vasco girar\u00e1 em torno de R$ 1,7 milh\u00e3o Canal do<\/p>\n","protected":false},"author":1,"featured_media":0,"comment_status":"","ping_status":"","sticky":false,"template":"","format":"standard","meta":{"colormag_page_container_layout":"default_layout","colormag_page_sidebar_layout":"default_layout","footnotes":""},"categories":[1],"tags":[],"class_list":["post-73492","post","type-post","status-publish","format-standard","hentry","category-sem-categoria"],"_links":{"self":[{"href":"https:\/\/euvivoaselecao.com.br\/index.php\/wp-json\/wp\/v2\/posts\/73492","targetHints":{"allow":["GET"]}}],"collection":[{"href":"https:\/\/euvivoaselecao.com.br\/index.php\/wp-json\/wp\/v2\/posts"}],"about":[{"href":"https:\/\/euvivoaselecao.com.br\/index.php\/wp-json\/wp\/v2\/types\/post"}],"author":[{"embeddable":true,"href":"https:\/\/euvivoaselecao.com.br\/index.php\/wp-json\/wp\/v2\/users\/1"}],"replies":[{"embeddable":true,"href":"https:\/\/euvivoaselecao.com.br\/index.php\/wp-json\/wp\/v2\/comments?post=73492"}],"version-history":[{"count":0,"href":"https:\/\/euvivoaselecao.com.br\/index.php\/wp-json\/wp\/v2\/posts\/73492\/revisions"}],"wp:attachment":[{"href":"https:\/\/euvivoaselecao.com.br\/index.php\/wp-json\/wp\/v2\/media?parent=73492"}],"wp:term":[{"taxonomy":"category","embeddable":true,"href":"https:\/\/euvivoaselecao.com.br\/index.php\/wp-json\/wp\/v2\/categories?post=73492"},{"taxonomy":"post_tag","embeddable":true,"href":"https:\/\/euvivoaselecao.com.br\/index.php\/wp-json\/wp\/v2\/tags?post=73492"}],"curies":[{"name":"wp","href":"https:\/\/api.w.org\/{rel}","templated":true}]}}