{"id":78905,"date":"2026-04-20T18:48:14","date_gmt":"2026-04-20T21:48:14","guid":{"rendered":"https:\/\/euvivoaselecao.com.br\/index.php\/2026\/04\/20\/forte-chuva-em-belem-impediu-o-treino-do-paysandu-no-domingo\/"},"modified":"2026-04-20T18:48:14","modified_gmt":"2026-04-20T21:48:14","slug":"forte-chuva-em-belem-impediu-o-treino-do-paysandu-no-domingo","status":"publish","type":"post","link":"https:\/\/euvivoaselecao.com.br\/index.php\/2026\/04\/20\/forte-chuva-em-belem-impediu-o-treino-do-paysandu-no-domingo\/","title":{"rendered":"Forte chuva em Bel\u00e9m impediu o treino do Paysandu no domingo"},"content":{"rendered":"<p><\/p>\n<div>\n<div>\n<p>Forte chuva em Bel\u00e9m impediu o treino do Paysandu no domingo<\/p>\n<p>Segunda-feira, 20\/04\/2026  \u2013 13:59<\/p>\n<div class=\"corpo\">Linniker Biondi @linniker_vasco<\/p>\n<p>\u26a0\ufe0f As fortes chuvas em Bel\u00e9m do Par\u00e1 podem impactar diretamente na partida entra Paysandu e Vasco.<\/p>\n<p>O Paysandu tinha programado um treino ontem e n\u00e3o foi poss\u00edvel realizar a atividade por conta das condi\u00e7\u00f5es do gramado do CT e por conta de riscos de les\u00e3o.<\/p>\n<p>Fonte: X do jornalista Linniker Biondi\/A hora do Vasco<\/p>\n<\/div>\n<\/div>\n<p><!-- CONTENT END 2 -->\n<\/div>\n","protected":false},"excerpt":{"rendered":"<p>Forte chuva em Bel\u00e9m impediu o treino do Paysandu no domingo Segunda-feira, 20\/04\/2026 \u2013 13:59 Linniker Biondi @linniker_vasco \u26a0\ufe0f As<\/p>\n","protected":false},"author":1,"featured_media":0,"comment_status":"","ping_status":"","sticky":false,"template":"","format":"standard","meta":{"colormag_page_container_layout":"default_layout","colormag_page_sidebar_layout":"default_layout","footnotes":""},"categories":[1],"tags":[],"class_list":["post-78905","post","type-post","status-publish","format-standard","hentry","category-sem-categoria"],"_links":{"self":[{"href":"https:\/\/euvivoaselecao.com.br\/index.php\/wp-json\/wp\/v2\/posts\/78905","targetHints":{"allow":["GET"]}}],"collection":[{"href":"https:\/\/euvivoaselecao.com.br\/index.php\/wp-json\/wp\/v2\/posts"}],"about":[{"href":"https:\/\/euvivoaselecao.com.br\/index.php\/wp-json\/wp\/v2\/types\/post"}],"author":[{"embeddable":true,"href":"https:\/\/euvivoaselecao.com.br\/index.php\/wp-json\/wp\/v2\/users\/1"}],"replies":[{"embeddable":true,"href":"https:\/\/euvivoaselecao.com.br\/index.php\/wp-json\/wp\/v2\/comments?post=78905"}],"version-history":[{"count":0,"href":"https:\/\/euvivoaselecao.com.br\/index.php\/wp-json\/wp\/v2\/posts\/78905\/revisions"}],"wp:attachment":[{"href":"https:\/\/euvivoaselecao.com.br\/index.php\/wp-json\/wp\/v2\/media?parent=78905"}],"wp:term":[{"taxonomy":"category","embeddable":true,"href":"https:\/\/euvivoaselecao.com.br\/index.php\/wp-json\/wp\/v2\/categories?post=78905"},{"taxonomy":"post_tag","embeddable":true,"href":"https:\/\/euvivoaselecao.com.br\/index.php\/wp-json\/wp\/v2\/tags?post=78905"}],"curies":[{"name":"wp","href":"https:\/\/api.w.org\/{rel}","templated":true}]}}