{"id":91634,"date":"2026-08-25T11:26:09","date_gmt":"2026-08-25T14:26:09","guid":{"rendered":"https:\/\/euvivoaselecao.com.br\/index.php\/2026\/08\/25\/prefeitura-de-joao-pessoa-abre-o-6o-festival-de-arte-na-primeira-infancia-nesta-quarta-feira\/"},"modified":"2026-08-25T11:26:09","modified_gmt":"2026-08-25T14:26:09","slug":"prefeitura-de-joao-pessoa-abre-o-6o-festival-de-arte-na-primeira-infancia-nesta-quarta-feira","status":"publish","type":"post","link":"https:\/\/euvivoaselecao.com.br\/index.php\/2026\/08\/25\/prefeitura-de-joao-pessoa-abre-o-6o-festival-de-arte-na-primeira-infancia-nesta-quarta-feira\/","title":{"rendered":"Prefeitura de Jo\u00e3o Pessoa abre o 6\u00ba Festival de Arte na Primeira Inf\u00e2ncia, nesta quarta-feira"},"content":{"rendered":"<p><\/p>\n<div id=\"texto\">\n<p>A Prefeitura de Jo\u00e3o Pessoa, atrav\u00e9s da Secretaria de Educa\u00e7\u00e3o e Cultura (Sedec-JP), por meio do Departamento de Educa\u00e7\u00e3o Infantil, realiza, nesta quarta-feira (26), a abertura oficial do 6\u00ba Festival de Arte na Primeira Inf\u00e2ncia (Fapi). A cerim\u00f4nia de abertura acontece \u00e0s 13h30, no Teatro do Tribunal de Contas do Estado.<\/p>\n<p>Com o tema \u2018A Alegria de Ser Crian\u00e7a na Arte Brasileira: mem\u00f3rias, brincadeiras e cultura popular\u2019, o evento busca promover a viv\u00eancia est\u00e9tica, a criatividade e o acesso \u00e0 cultura nos primeiros anos de vida.\u00a0<\/p>\n<figure class=\"wp-block-gallery has-nested-images columns-default is-cropped wp-block-gallery-1 is-layout-flex wp-block-gallery-is-layout-flex\">\n<figure class=\"wp-block-image size-full\"><\/figure>\n<figure class=\"wp-block-image size-full\"><\/figure>\n<\/figure>\n<p>\u200bA abertura contar\u00e1 com o espet\u00e1culo \u2018Show dos brincantes\u2019, da consagrada dupla infantil \u2018Palavra Cantada\u2019, composta por Paulo Tatit e Sandra Peres.<\/p>\n<p>A programa\u00e7\u00e3o tamb\u00e9m inclui uma apresenta\u00e7\u00e3o cultural do grupo de dan\u00e7a da Educa\u00e7\u00e3o Infantil da Rede Municipal, realizada por alunos do Ninho do Saber Roberta Tavares, sob a orienta\u00e7\u00e3o de Beto Black e S\u00f4nia Brasil.\u00a0<\/p>\n<div class=\"wp-block-image\">\n<figure class=\"aligncenter size-full\"><\/figure>\n<\/div>\n<p>\u200bO 6\u00ba Fapi ter\u00e1 desdobramentos ao longo dos meses de setembro e outubro, incluindo uma exposi\u00e7\u00e3o de arte na Esta\u00e7\u00e3o Cabo Branco \u2013 Ci\u00eancia, Cultura e Artes, a partir de 4 de setembro, al\u00e9m de itiner\u00e1rios pedag\u00f3gicos e oficinas aplicadas diretamente nas unidades da Rede Municipal de Ensino.<\/p>\n<\/p><\/div>\n","protected":false},"excerpt":{"rendered":"<p>A Prefeitura de Jo\u00e3o Pessoa, atrav\u00e9s da Secretaria de Educa\u00e7\u00e3o e Cultura (Sedec-JP), por meio do Departamento de Educa\u00e7\u00e3o Infantil,<\/p>\n","protected":false},"author":1,"featured_media":0,"comment_status":"","ping_status":"","sticky":false,"template":"","format":"standard","meta":{"colormag_page_container_layout":"default_layout","colormag_page_sidebar_layout":"default_layout","footnotes":""},"categories":[1],"tags":[],"class_list":["post-91634","post","type-post","status-publish","format-standard","hentry","category-sem-categoria"],"_links":{"self":[{"href":"https:\/\/euvivoaselecao.com.br\/index.php\/wp-json\/wp\/v2\/posts\/91634","targetHints":{"allow":["GET"]}}],"collection":[{"href":"https:\/\/euvivoaselecao.com.br\/index.php\/wp-json\/wp\/v2\/posts"}],"about":[{"href":"https:\/\/euvivoaselecao.com.br\/index.php\/wp-json\/wp\/v2\/types\/post"}],"author":[{"embeddable":true,"href":"https:\/\/euvivoaselecao.com.br\/index.php\/wp-json\/wp\/v2\/users\/1"}],"replies":[{"embeddable":true,"href":"https:\/\/euvivoaselecao.com.br\/index.php\/wp-json\/wp\/v2\/comments?post=91634"}],"version-history":[{"count":0,"href":"https:\/\/euvivoaselecao.com.br\/index.php\/wp-json\/wp\/v2\/posts\/91634\/revisions"}],"wp:attachment":[{"href":"https:\/\/euvivoaselecao.com.br\/index.php\/wp-json\/wp\/v2\/media?parent=91634"}],"wp:term":[{"taxonomy":"category","embeddable":true,"href":"https:\/\/euvivoaselecao.com.br\/index.php\/wp-json\/wp\/v2\/categories?post=91634"},{"taxonomy":"post_tag","embeddable":true,"href":"https:\/\/euvivoaselecao.com.br\/index.php\/wp-json\/wp\/v2\/tags?post=91634"}],"curies":[{"name":"wp","href":"https:\/\/api.w.org\/{rel}","templated":true}]}}