{"id":91957,"date":"2026-08-30T04:23:53","date_gmt":"2026-08-30T07:23:53","guid":{"rendered":"https:\/\/euvivoaselecao.com.br\/index.php\/2026\/08\/30\/semob-jp-emite-mais-de-55-mil-credenciais-especiais-de-estacionamento-entre-janeiro-e-julho-deste-ano\/"},"modified":"2026-08-30T04:23:53","modified_gmt":"2026-08-30T07:23:53","slug":"semob-jp-emite-mais-de-55-mil-credenciais-especiais-de-estacionamento-entre-janeiro-e-julho-deste-ano","status":"publish","type":"post","link":"https:\/\/euvivoaselecao.com.br\/index.php\/2026\/08\/30\/semob-jp-emite-mais-de-55-mil-credenciais-especiais-de-estacionamento-entre-janeiro-e-julho-deste-ano\/","title":{"rendered":"Semob-JP emite mais de 5,5 mil credenciais especiais de estacionamento entre janeiro e julho deste ano"},"content":{"rendered":"<p><\/p>\n<div id=\"texto\">\n<p>A Superintend\u00eancia Executiva de Mobilidade Urbana de Jo\u00e3o Pessoa (Semob-JP) realizou, entre janeiro e julho de 2026, a emiss\u00e3o e renova\u00e7\u00e3o de 5.596 credenciais de estacionamento, garantindo mais acessibilidade e comodidade no dia a dia de idosos e pessoas com defici\u00eancia. No per\u00edodo, foram emitidas 4.051 credenciais para idosos, 971 para pessoas com defici\u00eancia, 384 para pessoas com Transtorno do Espectro Autista (TEA), 178 para pessoas com fibromialgia e 12 para pessoas com S\u00edndrome de Down.<\/p>\n<p>Para o superintendente de Mobilidade Urbana, Marc\u00edlio do HBE, o servi\u00e7o representa um importante avan\u00e7o na garantia de direitos da popula\u00e7\u00e3o. \u201cEstamos avan\u00e7ando na oferta de servi\u00e7os que promovem mais acessibilidade e comodidade para a popula\u00e7\u00e3o, conforme orienta\u00e7\u00e3o do prefeito Leo Bezerra. A credencial garante mais dignidade a esse grupo priorit\u00e1rio, facilitando o acesso a servi\u00e7os de sa\u00fade, estabelecimentos comerciais, reparti\u00e7\u00f5es p\u00fablicas e outros espa\u00e7os\u201d, ressaltou.<\/p>\n<figure class=\"wp-block-gallery has-nested-images columns-default is-cropped wp-block-gallery-1 is-layout-flex wp-block-gallery-is-layout-flex\">\n<figure class=\"wp-block-image size-large\"><\/figure>\n<\/figure>\n<p>O funcion\u00e1rio p\u00fablico Jorge Mendes, 62 anos, falou sobre a import\u00e2ncia do documento para facilitar a rotina e garantir mais comodidade nos deslocamentos. \u201cA credencial facilita muito o meu dia a dia, principalmente na hora de estacionar em locais p\u00fablicos. Ter acesso \u00e0s vagas reservadas traz mais conforto e tranquilidade para quem precisa desse benef\u00edcio\u201d, afirmou.<\/p>\n<p>A documenta\u00e7\u00e3o exigida para a emiss\u00e3o da credencial varia de acordo com o perfil do benefici\u00e1rio. \u00c9 necess\u00e1rio apresentar documento oficial com foto e comprovante de resid\u00eancia atualizado, expedido com at\u00e9 90 dias. Pessoas com defici\u00eancia, Transtorno do Espectro Autista, fibromialgia ou S\u00edndrome de Down precisam apresentar laudo m\u00e9dico. Para pessoas com defici\u00eancia e fibromialgia, o laudo m\u00e9dico dever\u00e1 ser emitido com validade de at\u00e9 120 dias. Para idosos, basta apresentar documento de identifica\u00e7\u00e3o que comprove a idade.<\/p>\n<p><strong>Regras de utiliza\u00e7\u00e3o<\/strong>\u2013 Durante a utiliza\u00e7\u00e3o das vagas especiais, algumas regras devem ser observadas. A credencial deve ser colocada no painel do ve\u00edculo, com a frente voltada para cima, de forma que todas as informa\u00e7\u00f5es fiquem vis\u00edveis para a fiscaliza\u00e7\u00e3o. O documento \u00e9 pessoal e intransfer\u00edvel, ou seja, s\u00f3 pode ser utilizado quando o benefici\u00e1rio estiver no ve\u00edculo, seja como condutor ou passageiro. A credencial tem validade de tr\u00eas anos e \u00e9 reconhecida em todo o territ\u00f3rio nacional.<\/p>\n<p><strong>Solicita\u00e7\u00e3o<\/strong> \u2013 Para facilitar o acesso ao servi\u00e7o, a solicita\u00e7\u00e3o do documento pode ser feita por meio do aplicativo \u2018Jo\u00e3o Pessoa na Palma da M\u00e3o\u2019, onde o cidad\u00e3o realiza o pedido e anexa os documentos necess\u00e1rios de forma simples e eficiente. Presencialmente, os servi\u00e7os da Semob-JP est\u00e3o dispon\u00edveis em diferentes pontos da cidade, incluindo a sede do \u00f3rg\u00e3o, no bairro do Cristo Redentor, e postos nas Casas da Cidadania, localizados em Jaguaribe e no Mana\u00edra Shopping.<\/p>\n<\/p><\/div>\n","protected":false},"excerpt":{"rendered":"<p>A Superintend\u00eancia Executiva de Mobilidade Urbana de Jo\u00e3o Pessoa (Semob-JP) realizou, entre janeiro e julho de 2026, a emiss\u00e3o e<\/p>\n","protected":false},"author":1,"featured_media":0,"comment_status":"","ping_status":"","sticky":false,"template":"","format":"standard","meta":{"colormag_page_container_layout":"default_layout","colormag_page_sidebar_layout":"default_layout","footnotes":""},"categories":[1],"tags":[],"class_list":["post-91957","post","type-post","status-publish","format-standard","hentry","category-sem-categoria"],"_links":{"self":[{"href":"https:\/\/euvivoaselecao.com.br\/index.php\/wp-json\/wp\/v2\/posts\/91957","targetHints":{"allow":["GET"]}}],"collection":[{"href":"https:\/\/euvivoaselecao.com.br\/index.php\/wp-json\/wp\/v2\/posts"}],"about":[{"href":"https:\/\/euvivoaselecao.com.br\/index.php\/wp-json\/wp\/v2\/types\/post"}],"author":[{"embeddable":true,"href":"https:\/\/euvivoaselecao.com.br\/index.php\/wp-json\/wp\/v2\/users\/1"}],"replies":[{"embeddable":true,"href":"https:\/\/euvivoaselecao.com.br\/index.php\/wp-json\/wp\/v2\/comments?post=91957"}],"version-history":[{"count":0,"href":"https:\/\/euvivoaselecao.com.br\/index.php\/wp-json\/wp\/v2\/posts\/91957\/revisions"}],"wp:attachment":[{"href":"https:\/\/euvivoaselecao.com.br\/index.php\/wp-json\/wp\/v2\/media?parent=91957"}],"wp:term":[{"taxonomy":"category","embeddable":true,"href":"https:\/\/euvivoaselecao.com.br\/index.php\/wp-json\/wp\/v2\/categories?post=91957"},{"taxonomy":"post_tag","embeddable":true,"href":"https:\/\/euvivoaselecao.com.br\/index.php\/wp-json\/wp\/v2\/tags?post=91957"}],"curies":[{"name":"wp","href":"https:\/\/api.w.org\/{rel}","templated":true}]}}