{"id":91961,"date":"2026-08-30T06:31:00","date_gmt":"2026-08-30T09:31:00","guid":{"rendered":"https:\/\/euvivoaselecao.com.br\/index.php\/2026\/08\/30\/tecnico-artur-jorge-admite-que-cruzeiro-mereceu-derrota-para-o-vasco\/"},"modified":"2026-08-30T06:31:00","modified_gmt":"2026-08-30T09:31:00","slug":"tecnico-artur-jorge-admite-que-cruzeiro-mereceu-derrota-para-o-vasco","status":"publish","type":"post","link":"https:\/\/euvivoaselecao.com.br\/index.php\/2026\/08\/30\/tecnico-artur-jorge-admite-que-cruzeiro-mereceu-derrota-para-o-vasco\/","title":{"rendered":"T\u00e9cnico Artur Jorge admite que Cruzeiro mereceu derrota para o Vasco"},"content":{"rendered":"<p><\/p>\n<div>\n<p>Com time quase todo reserva por conta das quartas de final da Copa do Brasil, o Cruzeiro perdeu por 3 a 1 para o Vasco da Gama, neste s\u00e1bado (29), em S\u00e3o Janu\u00e1rio, no Rio de Janeiro, em jogo v\u00e1lido pela 25\u00aa rodada da S\u00e9rie A do Campeonato Brasileiro.<\/p>\n<p>Com foco no cl\u00e1ssico decisivo pela Copa do Brasil, Artur Jorge justificou as mudan\u00e7as no time que enfrentou o Vasco neste s\u00e1bado. O treinador tamb\u00e9m destacou o calend\u00e1rio cheio do clube celeste influenciou na decis\u00e3o de utilizar escala\u00e7\u00f5es alternativas.<\/p>\n<p>\u201cSobre a quest\u00e3o das altera\u00e7\u00f5es, foram necess\u00e1rias em fun\u00e7\u00e3o daquilo que \u00e9 termos um vasto elenco e termos que competir, neste \u00faltimo m\u00eas e pouco, em tr\u00eas competi\u00e7\u00f5es fort\u00edssimas, como a Copa Libertadores, o Campeonato Brasileiro e a Copa do Brasil. Estamos agora competindo pela Copa do Brasil e o Campeonato Brasileiro. Lembrar que, nesses \u00faltimos jogos, onde fizemos, quatro, cinco, seis altera\u00e7\u00f5es no onze inicial. Recordo-me de tr\u00eas jogos, contra Mirassol, Corithians e esse jogo aqui. Em nove pontos poss\u00edveis, fizemos seis. Portanto, precisamos ter uma maior abrang\u00eancia de olhar para desempenho e resultado\u201d, declarou o t\u00e9cnico da Raposa.<\/p>\n<p>Apesar do time reserva, Artur Jorge assumiu a responsabilidade da derrota e afirmou que a equipe n\u00e3o apresentou o melhor futebol em S\u00e3o Janu\u00e1rio.<\/p>\n<p>\u201cHoje, sobretudo ap\u00f3s o gol sofrido, tivemos mais dificuldade. Reagimos mal ao gol sofrido. At\u00e9 l\u00e1, tivemos um jogo equilibrado, onde tivemos tamb\u00e9m os nossos momentos e as nossas oportunidades. A partir desse momento, a equipe se desestabilizou emocionalmente. Do outro lado, aconteceu exatamente o contr\u00e1rio. Hoje n\u00e3o merecemos ganhar. N\u00e3o merecemos ganhar porque faltou um pouco de qualidade, estivemos um pouco envergonhados no jogo. Precisamos tamb\u00e9m ser mais intensos, os \u00faltimos jogos dizem isso. Acho que tem que servir para aprendermos que precisamos ser mais intensos com e sem bola, sermos mais fortes nos duelos. Hoje n\u00e3o tivemos muita vantagem nesse tipo de jogo\u201d, analisou o treinador portugu\u00eas.<\/p>\n<p>O Cruzeiro voltou a perder depois de quatro jogos de invencibilidade no Campeonato Barsileiro. A equipe celeste foi superada pelo Vasco por 3 a 1 em jogo v\u00e1lido pela 25\u00aa rodada da S\u00e9rie A do Campeonato Brasileiro.<\/p>\n<p>O time azul at\u00e9 teve um bom in\u00edcio de primeiro tempo, mas o Gigante da Colina dominou a segunda metade, abriu o placar com Tch\u00ea Tch\u00ea e criou muitas chances claras, principalmente pelo alto.<\/p>\n<p>A etapa final manteve a superioridade vasca\u00edna contra um desorganizado time de Artur Jorge em S\u00e3o Janu\u00e1rio. Foi nesse ritmo que Lucas Freitas ampliou o placar para os mandantes. J\u00e1 nos acr\u00e9scimos, David marcou o terceiro gol vasca\u00edno. No apagar das luzes, o jovem Felipe Morais fez o tento de honra para o lado celeste.<\/p>\n<p>Apesar da derrota, a Raposa ainda segue na quinta posi\u00e7\u00e3o, com 39 pontos. A equipe s\u00f3 perder\u00e1 o posto na rodada se o Bahia vencer o Internacional neste domingo (30).<\/p>\n<p>Fonte: Itatiaia<\/p>\n<p><!-- CONTENT END 2 -->\n<\/div>\n","protected":false},"excerpt":{"rendered":"<p>Com time quase todo reserva por conta das quartas de final da Copa do Brasil, o Cruzeiro perdeu por 3<\/p>\n","protected":false},"author":1,"featured_media":0,"comment_status":"","ping_status":"","sticky":false,"template":"","format":"standard","meta":{"colormag_page_container_layout":"default_layout","colormag_page_sidebar_layout":"default_layout","footnotes":""},"categories":[1],"tags":[],"class_list":["post-91961","post","type-post","status-publish","format-standard","hentry","category-sem-categoria"],"_links":{"self":[{"href":"https:\/\/euvivoaselecao.com.br\/index.php\/wp-json\/wp\/v2\/posts\/91961","targetHints":{"allow":["GET"]}}],"collection":[{"href":"https:\/\/euvivoaselecao.com.br\/index.php\/wp-json\/wp\/v2\/posts"}],"about":[{"href":"https:\/\/euvivoaselecao.com.br\/index.php\/wp-json\/wp\/v2\/types\/post"}],"author":[{"embeddable":true,"href":"https:\/\/euvivoaselecao.com.br\/index.php\/wp-json\/wp\/v2\/users\/1"}],"replies":[{"embeddable":true,"href":"https:\/\/euvivoaselecao.com.br\/index.php\/wp-json\/wp\/v2\/comments?post=91961"}],"version-history":[{"count":0,"href":"https:\/\/euvivoaselecao.com.br\/index.php\/wp-json\/wp\/v2\/posts\/91961\/revisions"}],"wp:attachment":[{"href":"https:\/\/euvivoaselecao.com.br\/index.php\/wp-json\/wp\/v2\/media?parent=91961"}],"wp:term":[{"taxonomy":"category","embeddable":true,"href":"https:\/\/euvivoaselecao.com.br\/index.php\/wp-json\/wp\/v2\/categories?post=91961"},{"taxonomy":"post_tag","embeddable":true,"href":"https:\/\/euvivoaselecao.com.br\/index.php\/wp-json\/wp\/v2\/tags?post=91961"}],"curies":[{"name":"wp","href":"https:\/\/api.w.org\/{rel}","templated":true}]}}