{"id":91994,"date":"2026-08-30T20:34:43","date_gmt":"2026-08-30T23:34:43","guid":{"rendered":"https:\/\/euvivoaselecao.com.br\/index.php\/2026\/08\/30\/torcedor-cadeirante-que-mostra-acessibilidade-nos-estadios-foi-tema-de-reportagem-da-cazetv-veja-video\/"},"modified":"2026-08-30T20:34:43","modified_gmt":"2026-08-30T23:34:43","slug":"torcedor-cadeirante-que-mostra-acessibilidade-nos-estadios-foi-tema-de-reportagem-da-cazetv-veja-video","status":"publish","type":"post","link":"https:\/\/euvivoaselecao.com.br\/index.php\/2026\/08\/30\/torcedor-cadeirante-que-mostra-acessibilidade-nos-estadios-foi-tema-de-reportagem-da-cazetv-veja-video\/","title":{"rendered":"Torcedor cadeirante que mostra acessibilidade nos est\u00e1dios foi tema de reportagem da Caz\u00e9TV; veja v\u00eddeo"},"content":{"rendered":"<p><\/p>\n<div>\n<div>\n<p>Torcedor cadeirante que mostra acessibilidade nos est\u00e1dios foi tema de reportagem da Caz\u00e9TV; veja v\u00eddeo<\/p>\n<p>Domingo, 30\/08\/2026  \u2013 14:54<\/p>\n<div class=\"corpo\">Jo\u00e3o Pedro Isidro @jpisidro<\/p>\n<p>Feliz demais de poder ajudar a contar a hist\u00f3ria do Cl\u00e1udio, cadeirante desde 2000 e que tem uma p\u00e1gina mostrando como \u00e9 a acessibilidade em v\u00e1rios est\u00e1dios do Brasil e do Mundo. Depois do VT, ainda fomos com ele ao vivo e teve tamb\u00e9m os coment\u00e1rios do Casimiro pra fechar.<\/p>\n<p><center><\/p>\n<blockquote class=\"twitter-tweet\" data-media-max-width=\"560\">\n<p lang=\"pt\" dir=\"ltr\">Feliz demais de poder ajudar a contar a hist\u00f3ria do Cl\u00e1udio, cadeirante desde 2000 e que tem uma p\u00e1gina mostrando como \u00e9 a acessibilidade em v\u00e1rios est\u00e1dios do Brasil e do Mundo. Depois do VT, ainda fomos com ele ao vivo e teve tamb\u00e9m os coment\u00e1rios do Casimiro pra fechar. <b>https:\/\/x.com\/jpisidro\/status\/2094058730463645856\/video\/1<\/b>\u201c&gt;pic.twitter.com\/lzHJKTPqNc<\/p>\n<p>\u2014 Jo\u00e3o Pedro Isidro (@jpisidro) August 30, 2026<\/p>\n<\/blockquote>\n<p><\/center><\/p>\n<p>Fonte: X do jornalista Jo\u00e3o Pedro Isidro\/Caz\u00e9TV<\/p>\n<\/div>\n<\/div>\n<p><!-- CONTENT END 2 -->\n<\/div>\n<p><script async src=\"\/\/platform.twitter.com\/widgets.js\" charset=\"utf-8\"><\/script><\/p>\n","protected":false},"excerpt":{"rendered":"<p>Torcedor cadeirante que mostra acessibilidade nos est\u00e1dios foi tema de reportagem da Caz\u00e9TV; veja v\u00eddeo Domingo, 30\/08\/2026 \u2013 14:54 Jo\u00e3o<\/p>\n","protected":false},"author":1,"featured_media":0,"comment_status":"","ping_status":"","sticky":false,"template":"","format":"standard","meta":{"colormag_page_container_layout":"default_layout","colormag_page_sidebar_layout":"default_layout","footnotes":""},"categories":[1],"tags":[],"class_list":["post-91994","post","type-post","status-publish","format-standard","hentry","category-sem-categoria"],"_links":{"self":[{"href":"https:\/\/euvivoaselecao.com.br\/index.php\/wp-json\/wp\/v2\/posts\/91994","targetHints":{"allow":["GET"]}}],"collection":[{"href":"https:\/\/euvivoaselecao.com.br\/index.php\/wp-json\/wp\/v2\/posts"}],"about":[{"href":"https:\/\/euvivoaselecao.com.br\/index.php\/wp-json\/wp\/v2\/types\/post"}],"author":[{"embeddable":true,"href":"https:\/\/euvivoaselecao.com.br\/index.php\/wp-json\/wp\/v2\/users\/1"}],"replies":[{"embeddable":true,"href":"https:\/\/euvivoaselecao.com.br\/index.php\/wp-json\/wp\/v2\/comments?post=91994"}],"version-history":[{"count":0,"href":"https:\/\/euvivoaselecao.com.br\/index.php\/wp-json\/wp\/v2\/posts\/91994\/revisions"}],"wp:attachment":[{"href":"https:\/\/euvivoaselecao.com.br\/index.php\/wp-json\/wp\/v2\/media?parent=91994"}],"wp:term":[{"taxonomy":"category","embeddable":true,"href":"https:\/\/euvivoaselecao.com.br\/index.php\/wp-json\/wp\/v2\/categories?post=91994"},{"taxonomy":"post_tag","embeddable":true,"href":"https:\/\/euvivoaselecao.com.br\/index.php\/wp-json\/wp\/v2\/tags?post=91994"}],"curies":[{"name":"wp","href":"https:\/\/api.w.org\/{rel}","templated":true}]}}